{"id":28272,"date":"2015-03-02T10:34:59","date_gmt":"2015-03-02T08:34:59","guid":{"rendered":"http:\/\/www.evanjelik.sk\/?p=28272"},"modified":"2015-03-02T10:34:59","modified_gmt":"2015-03-02T08:34:59","slug":"oznamenie-o-prijimacom-konani-na-ebf-uk","status":"publish","type":"post","link":"https:\/\/www.e-anjelik.sk\/index.php\/2015\/03\/02\/oznamenie-o-prijimacom-konani-na-ebf-uk\/","title":{"rendered":"OZN\u00c1MENIE O PRIJ\u00cdMACOM KONAN\u00cd na EBF UK"},"content":{"rendered":"<p>Dekan\u00e1t EBF UK v\u00a0Bratislave oznamuje, \u017ee pre akademick\u00fd rok 2015\/2016 sa uskuto\u010dn\u00ed prij\u00edmacie konanie do nasledovn\u00fdch \u0161tudijn\u00fdch\u00a0 programov:<\/p>\n<p><i>Evanjelick\u00e1 teol\u00f3gia\u00a0(p\u00e4\u0165ro\u010dn\u00e9 denn\u00e9 spojen\u00e9 magistersk\u00e9 \u0161t\u00fadium):<\/i><\/p>\n<p>&#8211; s mo\u017enos\u0165ou pr\u00edpravy na ordin\u00e1ciu v\u00a0Evanjelickej cirkvi a.v.<\/p>\n<p>&#8211; v\u0161eobecn\u00e9 \u0161t\u00fadiam evanjelickej teol\u00f3gie<\/p>\n<p><i><br \/>\nU\u010dite\u013estvo n\u00e1bo\u017eenskej v\u00fdchovy v\u00a0kombin\u00e1cii s u\u010dite\u013estvom:<\/i><\/p>\n<p><i>(trojro\u010dn\u00e9 bakal\u00e1rske a\u00a0nadv\u00e4zuj\u00face dvojro\u010dn\u00e9 denn\u00e9 magistersk\u00e9 \u0161t\u00fadium):<\/i><\/p>\n<ul>\n<li><i>anglick\u00e9ho jazyka a literat\u00fary (Bc., Mgr.)<\/i><\/li>\n<li><i>nemeck\u00e9ho jazyka a literat\u00fary (Bc., Mgr.)<\/i><\/li>\n<li><i>slovensk\u00e9ho jazyka a\u00a0literat\u00fary (Bc., Mgr.)<\/i><\/li>\n<li><i>hist\u00f3rie (Bc., Mgr.)\u00a0<\/i><\/li>\n<li><i>pedagogiky (Bc., Mgr.)\u00a0<\/i><\/li>\n<\/ul>\n<p><i><br \/>\nEvanjelick\u00e1 teol\u00f3gia so zameran\u00edm na soci\u00e1lnu pomoc<\/i><\/p>\n<p><i>(trojro\u010dn\u00e9 denn\u00e9 alebo\u00a0extern\u00e9\u00a0 bakal\u00e1rske \u0161t\u00fadium)<\/i><\/p>\n<p><i>Evanjelick\u00e1 teol\u00f3gia so zameran\u00edm na riadenie soci\u00e1lnej pomoci<\/i><\/p>\n<p><i>(dvojro\u010dn\u00e9 denn\u00e9 alebo\u00a0extern\u00e9 magistersk\u00e9 \u0161t\u00fadium)<\/i><\/p>\n<p>\u0160tudijn\u00e9 programy v\u00a0oblasti soci\u00e1lnej pomoci organizujeme v\u00a0spolupr\u00e1ci s odborn\u00edkmi z\u00a0Pedagogickej fakulty a Fakulty mana\u017ementu Univerzity Komensk\u00e9ho.<\/p>\n<p>Inform\u00e1cie o\u00a0\u0161tudijn\u00fdch programoch a\u00a0prij\u00edmacom konan\u00ed s\u00fa na <a href=\"http:\/\/www.fevth.uniba.sk\">www.fevth.uniba.sk<\/a>.<\/p>\n<p>Prihl\u00e1\u0161ky na \u0161t\u00fadium\u00a0 sa pod\u00e1vaj\u00fa elektronickou formou cez <a href=\"http:\/\/www.fevth.uniba.sk\">www.fevth.uniba.sk<\/a>.<\/p>\n<p>Vytla\u010den\u00e9 a podp\u00edsan\u00e9 spolu s\u00a0pr\u00edlohami je nutn\u00e9 doru\u010di\u0165 do 30. m\u00e1ja 2015 na adresu:<\/p>\n<p>EBF UK, Bart\u00f3kova 8, 811 02 Bratislava.<\/p>\n","protected":false},"excerpt":{"rendered":"<p>Dekan\u00e1t EBF UK v\u00a0Bratislave oznamuje, \u017ee pre akademick\u00fd rok 2015\/2016 sa uskuto\u010dn\u00ed prij\u00edmacie konanie do nasledovn\u00fdch \u0161tudijn\u00fdch\u00a0 programov: Evanjelick\u00e1 teol\u00f3gia\u00a0(p\u00e4\u0165ro\u010dn\u00e9 denn\u00e9 spojen\u00e9 magistersk\u00e9 \u0161t\u00fadium): &#8211; s mo\u017enos\u0165ou pr\u00edpravy na ordin\u00e1ciu v\u00a0Evanjelickej cirkvi a.v. &#8211; v\u0161eobecn\u00e9 \u0161t\u00fadiam evanjelickej teol\u00f3gie U\u010dite\u013estvo n\u00e1bo\u017eenskej v\u00fdchovy v\u00a0kombin\u00e1cii s u\u010dite\u013estvom: (trojro\u010dn\u00e9 bakal\u00e1rske a\u00a0nadv\u00e4zuj\u00face dvojro\u010dn\u00e9 denn\u00e9 magistersk\u00e9 \u0161t\u00fadium): anglick\u00e9ho jazyka a literat\u00fary &#8230; <a title=\"OZN\u00c1MENIE O PRIJ\u00cdMACOM KONAN\u00cd na EBF UK\" class=\"read-more\" href=\"https:\/\/www.e-anjelik.sk\/index.php\/2015\/03\/02\/oznamenie-o-prijimacom-konani-na-ebf-uk\/\" aria-label=\"Pre\u010d\u00edtajte si viac o OZN\u00c1MENIE O PRIJ\u00cdMACOM KONAN\u00cd na EBF UK\">\u010c\u00edta\u0165 viac<\/a><\/p>\n","protected":false},"author":5,"featured_media":0,"comment_status":"open","ping_status":"open","sticky":false,"template":"","format":"standard","meta":{"footnotes":""},"categories":[1],"tags":[164],"class_list":["post-28272","post","type-post","status-publish","format-standard","hentry","category-adventna-modlitba","tag-ebf-uk"],"_links":{"self":[{"href":"https:\/\/www.e-anjelik.sk\/index.php\/wp-json\/wp\/v2\/posts\/28272","targetHints":{"allow":["GET"]}}],"collection":[{"href":"https:\/\/www.e-anjelik.sk\/index.php\/wp-json\/wp\/v2\/posts"}],"about":[{"href":"https:\/\/www.e-anjelik.sk\/index.php\/wp-json\/wp\/v2\/types\/post"}],"author":[{"embeddable":true,"href":"https:\/\/www.e-anjelik.sk\/index.php\/wp-json\/wp\/v2\/users\/5"}],"replies":[{"embeddable":true,"href":"https:\/\/www.e-anjelik.sk\/index.php\/wp-json\/wp\/v2\/comments?post=28272"}],"version-history":[{"count":0,"href":"https:\/\/www.e-anjelik.sk\/index.php\/wp-json\/wp\/v2\/posts\/28272\/revisions"}],"wp:attachment":[{"href":"https:\/\/www.e-anjelik.sk\/index.php\/wp-json\/wp\/v2\/media?parent=28272"}],"wp:term":[{"taxonomy":"category","embeddable":true,"href":"https:\/\/www.e-anjelik.sk\/index.php\/wp-json\/wp\/v2\/categories?post=28272"},{"taxonomy":"post_tag","embeddable":true,"href":"https:\/\/www.e-anjelik.sk\/index.php\/wp-json\/wp\/v2\/tags?post=28272"}],"curies":[{"name":"wp","href":"https:\/\/api.w.org\/{rel}","templated":true}]}}