{"id":28286,"date":"2015-03-06T12:00:17","date_gmt":"2015-03-06T10:00:17","guid":{"rendered":"http:\/\/www.evanjelik.sk\/?p=28286"},"modified":"2015-03-06T12:00:17","modified_gmt":"2015-03-06T10:00:17","slug":"v-polsku-uviedli-novy-funebral","status":"publish","type":"post","link":"https:\/\/www.e-anjelik.sk\/index.php\/2015\/03\/06\/v-polsku-uviedli-novy-funebral\/","title":{"rendered":"V\u00a0Po\u013esku uviedli nov\u00fd funebr\u00e1l"},"content":{"rendered":"<p>Evanjelicko-augsbursk\u00e1 cirkev v\u00a0Po\u013esku na \u00fastrednej sl\u00e1vnosti v\u00a0cirkevnom zbore Ustro\u0148 na 1. p\u00f4stnu nede\u013eu uviedla do u\u017e\u00edvania nov\u00fd spevn\u00edk pohrebn\u00fdch piesn\u00ed \u2013 funebr\u00e1l. Na slu\u017eb\u00e1ch Bo\u017e\u00edch k\u00e1zal biskup cirkvi J. Samiec. Pr\u00edtomn\u00ed boli \u010dlenovia spevn\u00edkovej komisie a\u00a0dom\u00e1ci te\u0161\u00ednsky diec\u00e9zny biskup P . Anweiler.<\/p>\n<p>Funebr\u00e1l vydalo vydavate\u013estvo Augustana. Spevn\u00edk obsahuje 129 duchovn\u00fdch piesn\u00ed, modlitby a\u00a0r\u00f4zne poriadky slu\u017eieb Bo\u017e\u00edch pre pohreby.<\/p>\n<p>(<a href=\"http:\/\/www.luteranie.pl\">www.luteranie.pl<\/a>)<\/p>\n","protected":false},"excerpt":{"rendered":"<p>Evanjelicko-augsbursk\u00e1 cirkev v\u00a0Po\u013esku na \u00fastrednej sl\u00e1vnosti v\u00a0cirkevnom zbore Ustro\u0148 na 1. p\u00f4stnu nede\u013eu uviedla do u\u017e\u00edvania nov\u00fd spevn\u00edk pohrebn\u00fdch piesn\u00ed \u2013 funebr\u00e1l. Na slu\u017eb\u00e1ch Bo\u017e\u00edch k\u00e1zal biskup cirkvi J. Samiec. Pr\u00edtomn\u00ed boli \u010dlenovia spevn\u00edkovej komisie a\u00a0dom\u00e1ci te\u0161\u00ednsky diec\u00e9zny biskup P . Anweiler. Funebr\u00e1l vydalo vydavate\u013estvo Augustana. Spevn\u00edk obsahuje 129 duchovn\u00fdch piesn\u00ed, modlitby a\u00a0r\u00f4zne poriadky slu\u017eieb &#8230; <a title=\"V\u00a0Po\u013esku uviedli nov\u00fd funebr\u00e1l\" class=\"read-more\" href=\"https:\/\/www.e-anjelik.sk\/index.php\/2015\/03\/06\/v-polsku-uviedli-novy-funebral\/\" aria-label=\"Pre\u010d\u00edtajte si viac o V\u00a0Po\u013esku uviedli nov\u00fd funebr\u00e1l\">\u010c\u00edta\u0165 viac<\/a><\/p>\n","protected":false},"author":2,"featured_media":0,"comment_status":"open","ping_status":"open","sticky":false,"template":"","format":"standard","meta":{"footnotes":""},"categories":[24,9,25],"tags":[],"class_list":["post-28286","post","type-post","status-publish","format-standard","hentry","category-cirkevna-hudba","category-europa","category-liturgia"],"_links":{"self":[{"href":"https:\/\/www.e-anjelik.sk\/index.php\/wp-json\/wp\/v2\/posts\/28286","targetHints":{"allow":["GET"]}}],"collection":[{"href":"https:\/\/www.e-anjelik.sk\/index.php\/wp-json\/wp\/v2\/posts"}],"about":[{"href":"https:\/\/www.e-anjelik.sk\/index.php\/wp-json\/wp\/v2\/types\/post"}],"author":[{"embeddable":true,"href":"https:\/\/www.e-anjelik.sk\/index.php\/wp-json\/wp\/v2\/users\/2"}],"replies":[{"embeddable":true,"href":"https:\/\/www.e-anjelik.sk\/index.php\/wp-json\/wp\/v2\/comments?post=28286"}],"version-history":[{"count":0,"href":"https:\/\/www.e-anjelik.sk\/index.php\/wp-json\/wp\/v2\/posts\/28286\/revisions"}],"wp:attachment":[{"href":"https:\/\/www.e-anjelik.sk\/index.php\/wp-json\/wp\/v2\/media?parent=28286"}],"wp:term":[{"taxonomy":"category","embeddable":true,"href":"https:\/\/www.e-anjelik.sk\/index.php\/wp-json\/wp\/v2\/categories?post=28286"},{"taxonomy":"post_tag","embeddable":true,"href":"https:\/\/www.e-anjelik.sk\/index.php\/wp-json\/wp\/v2\/tags?post=28286"}],"curies":[{"name":"wp","href":"https:\/\/api.w.org\/{rel}","templated":true}]}}