{"id":2829,"date":"2010-05-12T09:42:13","date_gmt":"2010-05-12T09:42:13","guid":{"rendered":"http:\/\/e-anjelik.sk\/?p=2829"},"modified":"2010-05-12T09:42:13","modified_gmt":"2010-05-12T09:42:13","slug":"vyzva-spolkoveho-prezidenta-nemecka-pre-cirkvi","status":"publish","type":"post","link":"https:\/\/www.e-anjelik.sk\/index.php\/2010\/05\/12\/vyzva-spolkoveho-prezidenta-nemecka-pre-cirkvi\/","title":{"rendered":"V\u00fdzva spolkov\u00e9ho prezidenta Nemecka pre cirkvi"},"content":{"rendered":"<p>Horst Koehler, spolkov&yacute; prezident Nemecka pred za\u010dat&iacute;m Ekumenick&yacute;ch cirkevn&yacute;ch dn&iacute; v Mn&iacute;chove dal rozhovor pre t&yacute;\u017edenn&iacute;k Rheinische Merkur. V rozhovore o.i. povedal:&quot; Cirkvi maj&uacute; za\u010da\u0165 s novou vn&uacute;tornou misiou. Je to &uacute;loha od Boha, aby &scaron;&iacute;rili&nbsp;Jeho posolstvo.M&aacute;m prosbu k cirkv&aacute;m: bojujte o ka\u017ed&eacute;ho jednotlivca!&quot; &nbsp;Na ot&aacute;zku o jeho osobnej viere povedal:&quot; By\u0165 kres\u0165anom d&aacute;va mi zakorenenos\u0165, hodnoty a u\u010d&iacute; ma predov&scaron;etk&yacute;m pokore.Viem,\u017ee nepozn&aacute;m na v&scaron;etko odpovede. Viera v Boha mi ale d&aacute;va z&aacute;kladn&uacute; istotu, z kres\u0165anskej viery \u010derp&aacute;m orient&aacute;ciu.&quot;&nbsp;Ekumenick&eacute; stretnutie sa bude kona\u0165 od 12. do 16. m&aacute;ja t.r.<\/p>\n<p>(<a href=\"http:\/\/www.idea.de\">www.idea.de<\/a>)<\/p>\n","protected":false},"excerpt":{"rendered":"<p>Horst Koehler, spolkov&yacute; prezident Nemecka pred za\u010dat&iacute;m Ekumenick&yacute;ch cirkevn&yacute;ch dn&iacute; v Mn&iacute;chove dal rozhovor pre t&yacute;\u017edenn&iacute;k Rheinische Merkur. V rozhovore o.i. povedal:&quot; Cirkvi maj&uacute; za\u010da\u0165 s novou vn&uacute;tornou misiou. Je to &uacute;loha od Boha, aby &scaron;&iacute;rili&nbsp;Jeho posolstvo.M&aacute;m prosbu k cirkv&aacute;m: bojujte o ka\u017ed&eacute;ho jednotlivca!&quot; &nbsp;Na ot&aacute;zku o jeho osobnej viere povedal:&quot; By\u0165 kres\u0165anom d&aacute;va mi &#8230; <a title=\"V\u00fdzva spolkov\u00e9ho prezidenta Nemecka pre cirkvi\" class=\"read-more\" href=\"https:\/\/www.e-anjelik.sk\/index.php\/2010\/05\/12\/vyzva-spolkoveho-prezidenta-nemecka-pre-cirkvi\/\" aria-label=\"Pre\u010d\u00edtajte si viac o V\u00fdzva spolkov\u00e9ho prezidenta Nemecka pre cirkvi\">\u010c\u00edta\u0165 viac<\/a><\/p>\n","protected":false},"author":22,"featured_media":0,"comment_status":"open","ping_status":"open","sticky":false,"template":"","format":"standard","meta":{"footnotes":""},"categories":[2],"tags":[],"class_list":["post-2829","post","type-post","status-publish","format-standard","hentry","category-ekumena"],"_links":{"self":[{"href":"https:\/\/www.e-anjelik.sk\/index.php\/wp-json\/wp\/v2\/posts\/2829","targetHints":{"allow":["GET"]}}],"collection":[{"href":"https:\/\/www.e-anjelik.sk\/index.php\/wp-json\/wp\/v2\/posts"}],"about":[{"href":"https:\/\/www.e-anjelik.sk\/index.php\/wp-json\/wp\/v2\/types\/post"}],"author":[{"embeddable":true,"href":"https:\/\/www.e-anjelik.sk\/index.php\/wp-json\/wp\/v2\/users\/22"}],"replies":[{"embeddable":true,"href":"https:\/\/www.e-anjelik.sk\/index.php\/wp-json\/wp\/v2\/comments?post=2829"}],"version-history":[{"count":0,"href":"https:\/\/www.e-anjelik.sk\/index.php\/wp-json\/wp\/v2\/posts\/2829\/revisions"}],"wp:attachment":[{"href":"https:\/\/www.e-anjelik.sk\/index.php\/wp-json\/wp\/v2\/media?parent=2829"}],"wp:term":[{"taxonomy":"category","embeddable":true,"href":"https:\/\/www.e-anjelik.sk\/index.php\/wp-json\/wp\/v2\/categories?post=2829"},{"taxonomy":"post_tag","embeddable":true,"href":"https:\/\/www.e-anjelik.sk\/index.php\/wp-json\/wp\/v2\/tags?post=2829"}],"curies":[{"name":"wp","href":"https:\/\/api.w.org\/{rel}","templated":true}]}}