{"id":28302,"date":"2015-03-06T12:03:47","date_gmt":"2015-03-06T10:03:47","guid":{"rendered":"http:\/\/www.evanjelik.sk\/?p=28302"},"modified":"2015-03-06T12:03:47","modified_gmt":"2015-03-06T10:03:47","slug":"svedi-darovali-39-milionov-sv-korun-pre-zachranu-deti-v-afrike","status":"publish","type":"post","link":"https:\/\/www.e-anjelik.sk\/index.php\/2015\/03\/06\/svedi-darovali-39-milionov-sv-korun-pre-zachranu-deti-v-afrike\/","title":{"rendered":"\u0160v\u00e9di darovali 39 mili\u00f3nov \u0161v. kor\u00fan pre z\u00e1chranu det\u00ed v\u00a0Afrike"},"content":{"rendered":"<p>Veriaci \u0160v\u00e9dskej cirkvi po\u010das tradi\u010dnej viano\u010dnej zbierky Medzin\u00e1rodnej pomoci vyzbierali 39 mili\u00f3nov \u0161v\u00e9dskych kor\u00fan, \u010do je v\u00a0prepo\u010dte asi 4 mili\u00f3ny a\u00a070 tis\u00edc Eur. Je to viacej ako rok predt\u00fdm. Zbierka sa tradi\u010dne kon\u00e1 od 1. adventnej nedele po sviatok Zjavenie P\u00e1na \u2013 6. janu\u00e1ra. T\u00e1to suma bude odovzdan\u00e1 na z\u00e1chranu det\u00ed pod 5 rokov v krajin\u00e1ch ju\u017ene pod Saharou v\u00a0Afrike, kde t\u00e1to skupina det\u00ed odumiera n\u00e1sledkom hladomoru a\u00a0chor\u00f4b.<\/p>\n<p>(<a href=\"http:\/\/www.svenskakyrkan.se\">www.svenskakyrkan.se<\/a>)<\/p>\n","protected":false},"excerpt":{"rendered":"<p>Veriaci \u0160v\u00e9dskej cirkvi po\u010das tradi\u010dnej viano\u010dnej zbierky Medzin\u00e1rodnej pomoci vyzbierali 39 mili\u00f3nov \u0161v\u00e9dskych kor\u00fan, \u010do je v\u00a0prepo\u010dte asi 4 mili\u00f3ny a\u00a070 tis\u00edc Eur. Je to viacej ako rok predt\u00fdm. Zbierka sa tradi\u010dne kon\u00e1 od 1. adventnej nedele po sviatok Zjavenie P\u00e1na \u2013 6. janu\u00e1ra. T\u00e1to suma bude odovzdan\u00e1 na z\u00e1chranu det\u00ed pod 5 rokov v &#8230; <a title=\"\u0160v\u00e9di darovali 39 mili\u00f3nov \u0161v. kor\u00fan pre z\u00e1chranu det\u00ed v\u00a0Afrike\" class=\"read-more\" href=\"https:\/\/www.e-anjelik.sk\/index.php\/2015\/03\/06\/svedi-darovali-39-milionov-sv-korun-pre-zachranu-deti-v-afrike\/\" aria-label=\"Pre\u010d\u00edtajte si viac o \u0160v\u00e9di darovali 39 mili\u00f3nov \u0161v. kor\u00fan pre z\u00e1chranu det\u00ed v\u00a0Afrike\">\u010c\u00edta\u0165 viac<\/a><\/p>\n","protected":false},"author":2,"featured_media":0,"comment_status":"open","ping_status":"open","sticky":false,"template":"","format":"standard","meta":{"footnotes":""},"categories":[42],"tags":[],"class_list":["post-28302","post","type-post","status-publish","format-standard","hentry","category-skandinavia"],"_links":{"self":[{"href":"https:\/\/www.e-anjelik.sk\/index.php\/wp-json\/wp\/v2\/posts\/28302","targetHints":{"allow":["GET"]}}],"collection":[{"href":"https:\/\/www.e-anjelik.sk\/index.php\/wp-json\/wp\/v2\/posts"}],"about":[{"href":"https:\/\/www.e-anjelik.sk\/index.php\/wp-json\/wp\/v2\/types\/post"}],"author":[{"embeddable":true,"href":"https:\/\/www.e-anjelik.sk\/index.php\/wp-json\/wp\/v2\/users\/2"}],"replies":[{"embeddable":true,"href":"https:\/\/www.e-anjelik.sk\/index.php\/wp-json\/wp\/v2\/comments?post=28302"}],"version-history":[{"count":0,"href":"https:\/\/www.e-anjelik.sk\/index.php\/wp-json\/wp\/v2\/posts\/28302\/revisions"}],"wp:attachment":[{"href":"https:\/\/www.e-anjelik.sk\/index.php\/wp-json\/wp\/v2\/media?parent=28302"}],"wp:term":[{"taxonomy":"category","embeddable":true,"href":"https:\/\/www.e-anjelik.sk\/index.php\/wp-json\/wp\/v2\/categories?post=28302"},{"taxonomy":"post_tag","embeddable":true,"href":"https:\/\/www.e-anjelik.sk\/index.php\/wp-json\/wp\/v2\/tags?post=28302"}],"curies":[{"name":"wp","href":"https:\/\/api.w.org\/{rel}","templated":true}]}}