{"id":28304,"date":"2015-03-06T12:04:17","date_gmt":"2015-03-06T10:04:17","guid":{"rendered":"http:\/\/www.evanjelik.sk\/?p=28304"},"modified":"2015-03-06T12:04:17","modified_gmt":"2015-03-06T10:04:17","slug":"evanjelicko-luteranska-cirkev-vo-finsku-v-cislach","status":"publish","type":"post","link":"https:\/\/www.e-anjelik.sk\/index.php\/2015\/03\/06\/evanjelicko-luteranska-cirkev-vo-finsku-v-cislach\/","title":{"rendered":"Evanjelicko-luter\u00e1nska cirkev vo F\u00ednsku v\u00a0\u010d\u00edslach"},"content":{"rendered":"<p>Pod\u013ea \u0161tatistick\u00e9ho \u00faradu F\u00ednska ku koncu roka 2014 patrilo do ELCF\u00a0 73,7 % z\u00a0obyvate\u013eov \u0161t\u00e1tu. Pod\u013ea matr\u00edk cirkevn\u00fdch zborov s\u00fa to 4 mili\u00f3ny 34 tis\u00edc a\u00a0235 os\u00f4b. Z\u00a0rovnak\u00e9ho prame\u0148a ud\u00e1vaj\u00fa, \u017ee do cirkvi prist\u00fapilo 15\u00a0701 os\u00f4b. Je to najv\u00e4\u010d\u0161\u00ed po\u010det v\u00a0hist\u00f3rii. Pod\u013ea kone\u010dn\u00fdch \u0161tatist\u00edk z\u00a0cirkvi vyst\u00fapilo 78\u00a0300 os\u00f4b, najviac v\u00a0diec\u00e9zach Helsinky, Esbo a\u00a0Tammerfors, najmenej v\u00a0diec\u00e9zach Borgo a\u00a0Lappo. V\u00a0cirkvi bolo pokrsten\u00fdch 41\u00a0340 det\u00ed, \u010do je 72,4% z\u00a0podielu v\u0161etk\u00fdch naroden\u00fdch det\u00ed. V\u00a0porovnan\u00ed s\u00a0predo\u0161l\u00fdm rokom je to pokles o\u00a0takmer 3%. V\u00a0roku 2014 bolo v\u00a0cirkvi 11\u00a0713 sob\u00e1\u0161ov a\u00a0831 po\u017eehnan\u00ed p\u00e1rov. Je to tie\u017e pokles o\u00a01 %.<\/p>\n<p>(evl.fi)<\/p>\n","protected":false},"excerpt":{"rendered":"<p>Pod\u013ea \u0161tatistick\u00e9ho \u00faradu F\u00ednska ku koncu roka 2014 patrilo do ELCF\u00a0 73,7 % z\u00a0obyvate\u013eov \u0161t\u00e1tu. Pod\u013ea matr\u00edk cirkevn\u00fdch zborov s\u00fa to 4 mili\u00f3ny 34 tis\u00edc a\u00a0235 os\u00f4b. Z\u00a0rovnak\u00e9ho prame\u0148a ud\u00e1vaj\u00fa, \u017ee do cirkvi prist\u00fapilo 15\u00a0701 os\u00f4b. Je to najv\u00e4\u010d\u0161\u00ed po\u010det v\u00a0hist\u00f3rii. Pod\u013ea kone\u010dn\u00fdch \u0161tatist\u00edk z\u00a0cirkvi vyst\u00fapilo 78\u00a0300 os\u00f4b, najviac v\u00a0diec\u00e9zach Helsinky, Esbo a\u00a0Tammerfors, najmenej v\u00a0diec\u00e9zach &#8230; <a title=\"Evanjelicko-luter\u00e1nska cirkev vo F\u00ednsku v\u00a0\u010d\u00edslach\" class=\"read-more\" href=\"https:\/\/www.e-anjelik.sk\/index.php\/2015\/03\/06\/evanjelicko-luteranska-cirkev-vo-finsku-v-cislach\/\" aria-label=\"Pre\u010d\u00edtajte si viac o Evanjelicko-luter\u00e1nska cirkev vo F\u00ednsku v\u00a0\u010d\u00edslach\">\u010c\u00edta\u0165 viac<\/a><\/p>\n","protected":false},"author":2,"featured_media":0,"comment_status":"open","ping_status":"open","sticky":false,"template":"","format":"standard","meta":{"footnotes":""},"categories":[42],"tags":[],"class_list":["post-28304","post","type-post","status-publish","format-standard","hentry","category-skandinavia"],"_links":{"self":[{"href":"https:\/\/www.e-anjelik.sk\/index.php\/wp-json\/wp\/v2\/posts\/28304","targetHints":{"allow":["GET"]}}],"collection":[{"href":"https:\/\/www.e-anjelik.sk\/index.php\/wp-json\/wp\/v2\/posts"}],"about":[{"href":"https:\/\/www.e-anjelik.sk\/index.php\/wp-json\/wp\/v2\/types\/post"}],"author":[{"embeddable":true,"href":"https:\/\/www.e-anjelik.sk\/index.php\/wp-json\/wp\/v2\/users\/2"}],"replies":[{"embeddable":true,"href":"https:\/\/www.e-anjelik.sk\/index.php\/wp-json\/wp\/v2\/comments?post=28304"}],"version-history":[{"count":0,"href":"https:\/\/www.e-anjelik.sk\/index.php\/wp-json\/wp\/v2\/posts\/28304\/revisions"}],"wp:attachment":[{"href":"https:\/\/www.e-anjelik.sk\/index.php\/wp-json\/wp\/v2\/media?parent=28304"}],"wp:term":[{"taxonomy":"category","embeddable":true,"href":"https:\/\/www.e-anjelik.sk\/index.php\/wp-json\/wp\/v2\/categories?post=28304"},{"taxonomy":"post_tag","embeddable":true,"href":"https:\/\/www.e-anjelik.sk\/index.php\/wp-json\/wp\/v2\/tags?post=28304"}],"curies":[{"name":"wp","href":"https:\/\/api.w.org\/{rel}","templated":true}]}}