{"id":28307,"date":"2015-03-06T16:44:46","date_gmt":"2015-03-06T14:44:46","guid":{"rendered":"http:\/\/www.evanjelik.sk\/?p=28307"},"modified":"2015-03-06T16:44:46","modified_gmt":"2015-03-06T14:44:46","slug":"novy-biskup-svedskej-cirkvi-v-strangnas","status":"publish","type":"post","link":"https:\/\/www.e-anjelik.sk\/index.php\/2015\/03\/06\/novy-biskup-svedskej-cirkvi-v-strangnas\/","title":{"rendered":"Nov\u00fd biskup \u0160v\u00e9dskej cirkvi v\u00a0Str\u00e4ngn\u00e4s"},"content":{"rendered":"<p><img loading=\"lazy\" decoding=\"async\" class=\"alignright\" src=\"http:\/\/www.svenskakyrkan.se\/Sve\/Bilder\/Bilder\/Johan%20Dalman(1)%20(1).JPG\" alt=\"\" width=\"195\" height=\"134\" \/>4. marca 2015 v\u00a0diec\u00e9ze Str\u00e4ngn\u00e4s \u0160v\u00e9dskej cirkvi boli vo\u013eby nov\u00e9ho biskupa. Hne\u010f v\u00a0prvom kole z\u00edskal 68,5% hlasov volite\u013eov 54-ro\u010dn\u00fd d\u00f3msky prepo\u0161t v\u00a0Str\u00e4ngn\u00e4s Johan Dalman. O\u00a0post biskupa sa uch\u00e1dzali vo vo\u013eb\u00e1ch e\u0161te dve kandid\u00e1tky. Dalman bude v\u00a0porad\u00ed 58. biskupom v\u00a0diec\u00e9ze. V\u00a0\u00farade nahrad\u00ed teraj\u0161ieho biskupa Hansa Erika Nordina, ktor\u00fd koncom augusta odch\u00e1dza na d\u00f4chodok.<\/p>\n<p>Biskupsk\u00e1 vysviacka J. Dalmana bude 6. septembra 2015 v\u00a0katedr\u00e1le v\u00a0Uppsale.<\/p>\n<p>\u0160v\u00e9dska cirkev m\u00e1 spolu 13 diec\u00e9z so 14 biskupmi. Na \u010dele cirkvi je primas &#8211; arcibiskup v\u00a0Uppsale. T. \u010d. je \u0148ou arcibiskupka Antje Jackelen (od j\u00fana 2014).<\/p>\n<p>(www.svenskakyrkan.se)<\/p>\n","protected":false},"excerpt":{"rendered":"<p>4. marca 2015 v\u00a0diec\u00e9ze Str\u00e4ngn\u00e4s \u0160v\u00e9dskej cirkvi boli vo\u013eby nov\u00e9ho biskupa. Hne\u010f v\u00a0prvom kole z\u00edskal 68,5% hlasov volite\u013eov 54-ro\u010dn\u00fd d\u00f3msky prepo\u0161t v\u00a0Str\u00e4ngn\u00e4s Johan Dalman. O\u00a0post biskupa sa uch\u00e1dzali vo vo\u013eb\u00e1ch e\u0161te dve kandid\u00e1tky. Dalman bude v\u00a0porad\u00ed 58. biskupom v\u00a0diec\u00e9ze. V\u00a0\u00farade nahrad\u00ed teraj\u0161ieho biskupa Hansa Erika Nordina, ktor\u00fd koncom augusta odch\u00e1dza na d\u00f4chodok. Biskupsk\u00e1 vysviacka J. &#8230; <a title=\"Nov\u00fd biskup \u0160v\u00e9dskej cirkvi v\u00a0Str\u00e4ngn\u00e4s\" class=\"read-more\" href=\"https:\/\/www.e-anjelik.sk\/index.php\/2015\/03\/06\/novy-biskup-svedskej-cirkvi-v-strangnas\/\" aria-label=\"Pre\u010d\u00edtajte si viac o Nov\u00fd biskup \u0160v\u00e9dskej cirkvi v\u00a0Str\u00e4ngn\u00e4s\">\u010c\u00edta\u0165 viac<\/a><\/p>\n","protected":false},"author":2,"featured_media":0,"comment_status":"open","ping_status":"open","sticky":false,"template":"","format":"standard","meta":{"footnotes":""},"categories":[1],"tags":[],"class_list":["post-28307","post","type-post","status-publish","format-standard","hentry","category-adventna-modlitba"],"_links":{"self":[{"href":"https:\/\/www.e-anjelik.sk\/index.php\/wp-json\/wp\/v2\/posts\/28307","targetHints":{"allow":["GET"]}}],"collection":[{"href":"https:\/\/www.e-anjelik.sk\/index.php\/wp-json\/wp\/v2\/posts"}],"about":[{"href":"https:\/\/www.e-anjelik.sk\/index.php\/wp-json\/wp\/v2\/types\/post"}],"author":[{"embeddable":true,"href":"https:\/\/www.e-anjelik.sk\/index.php\/wp-json\/wp\/v2\/users\/2"}],"replies":[{"embeddable":true,"href":"https:\/\/www.e-anjelik.sk\/index.php\/wp-json\/wp\/v2\/comments?post=28307"}],"version-history":[{"count":0,"href":"https:\/\/www.e-anjelik.sk\/index.php\/wp-json\/wp\/v2\/posts\/28307\/revisions"}],"wp:attachment":[{"href":"https:\/\/www.e-anjelik.sk\/index.php\/wp-json\/wp\/v2\/media?parent=28307"}],"wp:term":[{"taxonomy":"category","embeddable":true,"href":"https:\/\/www.e-anjelik.sk\/index.php\/wp-json\/wp\/v2\/categories?post=28307"},{"taxonomy":"post_tag","embeddable":true,"href":"https:\/\/www.e-anjelik.sk\/index.php\/wp-json\/wp\/v2\/tags?post=28307"}],"curies":[{"name":"wp","href":"https:\/\/api.w.org\/{rel}","templated":true}]}}