{"id":28311,"date":"2015-03-11T10:29:52","date_gmt":"2015-03-11T08:29:52","guid":{"rendered":"http:\/\/www.evanjelik.sk\/?p=28311"},"modified":"2015-03-11T10:29:52","modified_gmt":"2015-03-11T08:29:52","slug":"medzinarodna-teologicka-konferencia","status":"publish","type":"post","link":"https:\/\/www.e-anjelik.sk\/index.php\/2015\/03\/11\/medzinarodna-teologicka-konferencia\/","title":{"rendered":"Medzin\u00e1rodn\u00e1 teologick\u00e1 konferencia"},"content":{"rendered":"<p>4. a\u00a0 5. marca t. r. sa v Oberursel (Nemecko) konala teologick\u00e1 konferencia konfesijn\u00fdch luter\u00e1nskych cirkv\u00ed Eur\u00f3py (sestersk\u00e9 cirkvi s Lutheran Church\u00a0 Missouri Synod v USA). Na\u00a0podujat\u00ed sa rie\u0161ili aktu\u00e1lne teologick\u00e9 ot\u00e1zky ,napr. pris\u0165ahovalci, islam. Posudzovali sa aj t\u00e9my u\u017e\u0161ej vz\u00e1jomnej spolupr\u00e1ce t\u00fdchto cirkv\u00ed. Hostite\u013ekou konferencie bola Nez\u00e1visl\u00e1 evanjelicko-luter\u00e1nska cirkev v Nemecku (SELK) , ktor\u00e1 m\u00e1 v Oberursel teologick\u00fd semin\u00e1r. Na tejto konferencii bol aj predstavite\u013e Evanjelicko \u2013 luter\u00e1nskej cirkvi Ingrie v Rusku , biskupsk\u00fd kapl\u00e1n , pastor Olav Pan\u010du.<\/p>\n<p>(www.elci.ru)<\/p>\n<p>&nbsp;<\/p>\n","protected":false},"excerpt":{"rendered":"<p>4. a\u00a0 5. marca t. r. sa v Oberursel (Nemecko) konala teologick\u00e1 konferencia konfesijn\u00fdch luter\u00e1nskych cirkv\u00ed Eur\u00f3py (sestersk\u00e9 cirkvi s Lutheran Church\u00a0 Missouri Synod v USA). Na\u00a0podujat\u00ed sa rie\u0161ili aktu\u00e1lne teologick\u00e9 ot\u00e1zky ,napr. pris\u0165ahovalci, islam. Posudzovali sa aj t\u00e9my u\u017e\u0161ej vz\u00e1jomnej spolupr\u00e1ce t\u00fdchto cirkv\u00ed. Hostite\u013ekou konferencie bola Nez\u00e1visl\u00e1 evanjelicko-luter\u00e1nska cirkev v Nemecku (SELK) , ktor\u00e1 &#8230; <a title=\"Medzin\u00e1rodn\u00e1 teologick\u00e1 konferencia\" class=\"read-more\" href=\"https:\/\/www.e-anjelik.sk\/index.php\/2015\/03\/11\/medzinarodna-teologicka-konferencia\/\" aria-label=\"Pre\u010d\u00edtajte si viac o Medzin\u00e1rodn\u00e1 teologick\u00e1 konferencia\">\u010c\u00edta\u0165 viac<\/a><\/p>\n","protected":false},"author":2,"featured_media":0,"comment_status":"open","ping_status":"open","sticky":false,"template":"","format":"standard","meta":{"footnotes":""},"categories":[9,35],"tags":[],"class_list":["post-28311","post","type-post","status-publish","format-standard","hentry","category-europa","category-rusko-a-ine"],"_links":{"self":[{"href":"https:\/\/www.e-anjelik.sk\/index.php\/wp-json\/wp\/v2\/posts\/28311","targetHints":{"allow":["GET"]}}],"collection":[{"href":"https:\/\/www.e-anjelik.sk\/index.php\/wp-json\/wp\/v2\/posts"}],"about":[{"href":"https:\/\/www.e-anjelik.sk\/index.php\/wp-json\/wp\/v2\/types\/post"}],"author":[{"embeddable":true,"href":"https:\/\/www.e-anjelik.sk\/index.php\/wp-json\/wp\/v2\/users\/2"}],"replies":[{"embeddable":true,"href":"https:\/\/www.e-anjelik.sk\/index.php\/wp-json\/wp\/v2\/comments?post=28311"}],"version-history":[{"count":0,"href":"https:\/\/www.e-anjelik.sk\/index.php\/wp-json\/wp\/v2\/posts\/28311\/revisions"}],"wp:attachment":[{"href":"https:\/\/www.e-anjelik.sk\/index.php\/wp-json\/wp\/v2\/media?parent=28311"}],"wp:term":[{"taxonomy":"category","embeddable":true,"href":"https:\/\/www.e-anjelik.sk\/index.php\/wp-json\/wp\/v2\/categories?post=28311"},{"taxonomy":"post_tag","embeddable":true,"href":"https:\/\/www.e-anjelik.sk\/index.php\/wp-json\/wp\/v2\/tags?post=28311"}],"curies":[{"name":"wp","href":"https:\/\/api.w.org\/{rel}","templated":true}]}}