{"id":28347,"date":"2015-03-27T14:33:23","date_gmt":"2015-03-27T12:33:23","guid":{"rendered":"http:\/\/www.evanjelik.sk\/?p=28347"},"modified":"2025-07-19T05:55:53","modified_gmt":"2025-07-19T03:55:53","slug":"dobry-postreh","status":"publish","type":"post","link":"https:\/\/www.e-anjelik.sk\/index.php\/2015\/03\/27\/dobry-postreh\/","title":{"rendered":"Dobr\u00fd postreh"},"content":{"rendered":"\n<p>Na facebooku&nbsp; p. dekan EBF UK \u013dubom\u00edr Batka v predreferende o man\u017eelstve (rodine) z 24.janu\u00e1ra p\u00ed\u0161e:<br>\n&#8222;Niektor\u00ed evanjelici vidia svoju identitu ako protestansk\u00fa ke\u010f vych\u00e1dza z vidite\u013en\u00e9ho, \u010di latentn\u00e9ho antikatolicizmu. (\u010co je katol\u00edcke, to je im zl\u00e9, stredovek\u00e9, bigotn\u00e9, z\u00e1konn\u00edcke, farizejsk\u00e9, zastaral\u00e9, prekonan\u00e9 &#8230;.. \u010co je protestantsk\u00e9, to je dobr\u00e9, pokrokov\u00e9, osvieten\u00e9, racion\u00e1lne, modern\u00e9 a tolerantn\u00e9).<\/p>\n\n\n\n<p>Predstava: katol\u00edci nie s\u00fa tolerantn\u00ed a protestanti s\u00fa tolerantn\u00ed &#8211; je naivn\u00e1. Preto je naivn\u00fd i argument: evanjelici, ktor\u00ed by mali podobn\u00e9 poz\u00edcie ako katol\u00edci si zasl\u00fa\u017eia kritiku, lebo nie s\u00fa dobr\u00ed protestanti&#8230;.. &#8222;<\/p>\n\n\n\n<p>Niektor\u00ed hovoria &#8211; my nie sme ani o mak hor\u0161\u00ed ako vy. Zob\u00fadza sa v nich n\u00e1bo\u017eensk\u00e1 hrdos\u0165. Pozn\u00e1me tak\u00e9to hlasy. To je konfesionalizmus. Na\u0161\u00edm otcom je Abrah\u00e1m, na\u0161\u00edm Luther alebo Kalv\u00edn. Takto sa vzpierali svetlu \u017eivota n\u00e1bo\u017en\u00ed \u013eudia odjak\u017eiva. \u010clovek bol v\u017edy tak\u00fd. Aj ak bol n\u00e1bo\u017en\u00fd, nebol schopn\u00fd pochopi\u0165 to nov\u00e9, tvoriv\u00e9 Bo\u017eie zjavenie. Odmietal ponuky, lebo bol chyten\u00fd zdeden\u00fdmi, zabehnut\u00fdmi a nau\u010den\u00fdmi n\u00e1zormi. V\u017edy uviazol v pojmoch, vo zvyklostiach, v predpojatosti a v litere. Za\u0165a\u017eil svoje zm\u00fd\u0161\u013eanie dogmatizmom, spod ktor\u00e9ho sa mu \u0165a\u017eko vyma\u0148ovalo. M\u00e1me pred sebou \u013eud\u00ed, ktor\u00fdch n\u00e1bo\u017enos\u0165 odde\u013euje \u010dloveka od \u010dloveka namiesto toho, aby sp\u00e1jala a utv\u00e1rala bratstvo. Tak\u00e1to n\u00e1bo\u017enos\u0165 je schopn\u00e1 nen\u00e1vidie\u0165 \u010dloveka, ba postavi\u0165 sa aj proti Bo\u017eiemu Synovi a ukri\u017eova\u0165 ho. Je\u017ei\u0161 pozn\u00e1 tak\u00fdto m\u00far, tak\u00fato ha\u0165, ktor\u00e1 nedovol\u00ed \u010dloveku pozna\u0165 a prija\u0165 prav\u00e9 Svetlo. Preto z\u00e1pas\u00ed o tak\u00e9to du\u0161e. Treba len o to \u00faprimne prosi\u0165, robi\u0165 pok\u00e1nie a veri\u0165 v evanjelium. Aj napriek tolerancii chceme osta\u0165 vern\u00ed pravde P\u00edsma a u\u010deniu ev. cirkvi \u2013 nedajme si vnucova\u0165 in\u00e9 (<em>nem\u00f4\u017eeme sa odkloni\u0165 ani ust\u00fapi\u0165, i keby sa nebes\u00e1 mali zr\u00fati\u0165 <\/em>&#8211; <strong> Symbolick\u00e9 knihy <\/strong>).<\/p>\n\n\n\n<p>Pokoj V\u00e1m!!<\/p>\n","protected":false},"excerpt":{"rendered":"<p>Na facebooku&nbsp; p. dekan EBF UK \u013dubom\u00edr Batka v predreferende o man\u017eelstve (rodine) z 24.janu\u00e1ra p\u00ed\u0161e: &#8222;Niektor\u00ed evanjelici vidia svoju identitu ako protestansk\u00fa ke\u010f vych\u00e1dza z vidite\u013en\u00e9ho, \u010di latentn\u00e9ho antikatolicizmu. (\u010co je katol\u00edcke, to je im zl\u00e9, stredovek\u00e9, bigotn\u00e9, z\u00e1konn\u00edcke, farizejsk\u00e9, zastaral\u00e9, prekonan\u00e9 &#8230;.. \u010co je protestantsk\u00e9, to je dobr\u00e9, pokrokov\u00e9, osvieten\u00e9, racion\u00e1lne, modern\u00e9 a &#8230; <a title=\"Dobr\u00fd postreh\" class=\"read-more\" href=\"https:\/\/www.e-anjelik.sk\/index.php\/2015\/03\/27\/dobry-postreh\/\" aria-label=\"Pre\u010d\u00edtajte si viac o Dobr\u00fd postreh\">\u010c\u00edta\u0165 viac<\/a><\/p>\n","protected":false},"author":3,"featured_media":0,"comment_status":"open","ping_status":"open","sticky":false,"template":"","format":"standard","meta":{"footnotes":""},"categories":[1],"tags":[],"class_list":["post-28347","post","type-post","status-publish","format-standard","hentry","category-adventna-modlitba"],"_links":{"self":[{"href":"https:\/\/www.e-anjelik.sk\/index.php\/wp-json\/wp\/v2\/posts\/28347","targetHints":{"allow":["GET"]}}],"collection":[{"href":"https:\/\/www.e-anjelik.sk\/index.php\/wp-json\/wp\/v2\/posts"}],"about":[{"href":"https:\/\/www.e-anjelik.sk\/index.php\/wp-json\/wp\/v2\/types\/post"}],"author":[{"embeddable":true,"href":"https:\/\/www.e-anjelik.sk\/index.php\/wp-json\/wp\/v2\/users\/3"}],"replies":[{"embeddable":true,"href":"https:\/\/www.e-anjelik.sk\/index.php\/wp-json\/wp\/v2\/comments?post=28347"}],"version-history":[{"count":1,"href":"https:\/\/www.e-anjelik.sk\/index.php\/wp-json\/wp\/v2\/posts\/28347\/revisions"}],"predecessor-version":[{"id":38256,"href":"https:\/\/www.e-anjelik.sk\/index.php\/wp-json\/wp\/v2\/posts\/28347\/revisions\/38256"}],"wp:attachment":[{"href":"https:\/\/www.e-anjelik.sk\/index.php\/wp-json\/wp\/v2\/media?parent=28347"}],"wp:term":[{"taxonomy":"category","embeddable":true,"href":"https:\/\/www.e-anjelik.sk\/index.php\/wp-json\/wp\/v2\/categories?post=28347"},{"taxonomy":"post_tag","embeddable":true,"href":"https:\/\/www.e-anjelik.sk\/index.php\/wp-json\/wp\/v2\/tags?post=28347"}],"curies":[{"name":"wp","href":"https:\/\/api.w.org\/{rel}","templated":true}]}}