{"id":2836,"date":"2010-05-18T09:36:56","date_gmt":"2010-05-18T09:36:56","guid":{"rendered":"http:\/\/e-anjelik.sk\/?p=2836"},"modified":"2010-05-18T09:36:56","modified_gmt":"2010-05-18T09:36:56","slug":"evanjelicky-farar-sa-stal-clenom-madarskej-sekcie-radu-johanitov","status":"publish","type":"post","link":"https:\/\/www.e-anjelik.sk\/index.php\/2010\/05\/18\/evanjelicky-farar-sa-stal-clenom-madarskej-sekcie-radu-johanitov\/","title":{"rendered":"Evanjelick\u00fd far\u00e1r sa stal \u010dlenom ma\u010farskej sekcie r\u00e1du Johanitov"},"content":{"rendered":"<p>15. m&aacute;ja t.r. sa v slovenskom meste Kom&aacute;rne v reformovanom chr&aacute;me konali slu\u017eby Bo\u017eie, v r&aacute;mci ktor&yacute;ch za nov&yacute;ch \u010dlenov ma\u010farskej sekcie R&aacute;du johanitov&nbsp;prijali troch nov&yacute;ch \u010dlenov: ev. far&aacute;ra Fischl Vilmosa a dvoch laick&yacute;ch pr&iacute;slu&scaron;n&iacute;kov reformovanej cirkvi: Szab&oacute; Arp&aacute;da, ekon&oacute;ma, b&yacute;val&eacute;ho ve\u013evyslanca MR v R&iacute;me a Szabj&aacute;n Imreho ,profesora angli\u010dtiny. V&scaron;etci traja zlo\u017eili s\u013eub \u017ei\u0165 a pracova\u0165 pod\u013ea pravidiel R&aacute;du. Johaniti s&uacute; protestantskou odno\u017eou tohto rytiersk&eacute;ho r&aacute;du, ktor&yacute; bol zalo\u017een&yacute; v 11.st. v Jeruzaleme. Jeho katol&iacute;ckou odno\u017eou s&uacute; Maltsk&iacute; rytieri. N&aacute;zov Johaniti maj&uacute; pod\u013ea sv. J&aacute;na Krstite\u013ea. Ich cie\u013eom je: bojova\u0165 za vieru a sl&uacute;\u017ei\u0165 bl&iacute;\u017enym pod\u013ea Mt 22,37-39. Po\u010det Johanitov na svete je dnes okolo 4 tis&iacute;c. Ma\u010farsk&aacute; sekcia bola &uacute;radne zeregistrovan&aacute; r. 1924 a dnes m&aacute; 102 \u010dlenov. Pri sl&aacute;vnostn&yacute;ch pr&iacute;le\u017eitostiach jej \u010dlenovia nosia \u010dierny pl&aacute;&scaron;\u0165 s bielym rytiersk&yacute;m kr&iacute;\u017eom na \u013eavej strane p\u0155s.<\/p>\n<p>(<a href=\"http:\/\/www.evangelikus.hu\">www.evangelikus.hu<\/a>)<\/p>\n","protected":false},"excerpt":{"rendered":"<p>15. m&aacute;ja t.r. sa v slovenskom meste Kom&aacute;rne v reformovanom chr&aacute;me konali slu\u017eby Bo\u017eie, v r&aacute;mci ktor&yacute;ch za nov&yacute;ch \u010dlenov ma\u010farskej sekcie R&aacute;du johanitov&nbsp;prijali troch nov&yacute;ch \u010dlenov: ev. far&aacute;ra Fischl Vilmosa a dvoch laick&yacute;ch pr&iacute;slu&scaron;n&iacute;kov reformovanej cirkvi: Szab&oacute; Arp&aacute;da, ekon&oacute;ma, b&yacute;val&eacute;ho ve\u013evyslanca MR v R&iacute;me a Szabj&aacute;n Imreho ,profesora angli\u010dtiny. V&scaron;etci traja zlo\u017eili s\u013eub \u017ei\u0165 &#8230; <a title=\"Evanjelick\u00fd far\u00e1r sa stal \u010dlenom ma\u010farskej sekcie r\u00e1du Johanitov\" class=\"read-more\" href=\"https:\/\/www.e-anjelik.sk\/index.php\/2010\/05\/18\/evanjelicky-farar-sa-stal-clenom-madarskej-sekcie-radu-johanitov\/\" aria-label=\"Pre\u010d\u00edtajte si viac o Evanjelick\u00fd far\u00e1r sa stal \u010dlenom ma\u010farskej sekcie r\u00e1du Johanitov\">\u010c\u00edta\u0165 viac<\/a><\/p>\n","protected":false},"author":22,"featured_media":0,"comment_status":"open","ping_status":"open","sticky":false,"template":"","format":"standard","meta":{"footnotes":""},"categories":[9,10],"tags":[],"class_list":["post-2836","post","type-post","status-publish","format-standard","hentry","category-europa","category-zo-sveta"],"_links":{"self":[{"href":"https:\/\/www.e-anjelik.sk\/index.php\/wp-json\/wp\/v2\/posts\/2836","targetHints":{"allow":["GET"]}}],"collection":[{"href":"https:\/\/www.e-anjelik.sk\/index.php\/wp-json\/wp\/v2\/posts"}],"about":[{"href":"https:\/\/www.e-anjelik.sk\/index.php\/wp-json\/wp\/v2\/types\/post"}],"author":[{"embeddable":true,"href":"https:\/\/www.e-anjelik.sk\/index.php\/wp-json\/wp\/v2\/users\/22"}],"replies":[{"embeddable":true,"href":"https:\/\/www.e-anjelik.sk\/index.php\/wp-json\/wp\/v2\/comments?post=2836"}],"version-history":[{"count":0,"href":"https:\/\/www.e-anjelik.sk\/index.php\/wp-json\/wp\/v2\/posts\/2836\/revisions"}],"wp:attachment":[{"href":"https:\/\/www.e-anjelik.sk\/index.php\/wp-json\/wp\/v2\/media?parent=2836"}],"wp:term":[{"taxonomy":"category","embeddable":true,"href":"https:\/\/www.e-anjelik.sk\/index.php\/wp-json\/wp\/v2\/categories?post=2836"},{"taxonomy":"post_tag","embeddable":true,"href":"https:\/\/www.e-anjelik.sk\/index.php\/wp-json\/wp\/v2\/tags?post=2836"}],"curies":[{"name":"wp","href":"https:\/\/api.w.org\/{rel}","templated":true}]}}