{"id":28363,"date":"2018-02-18T14:50:55","date_gmt":"2018-02-18T13:50:55","guid":{"rendered":"http:\/\/www.evanjelik.sk\/?p=28363"},"modified":"2018-02-19T10:18:53","modified_gmt":"2018-02-19T09:18:53","slug":"postne-obdobie","status":"publish","type":"post","link":"https:\/\/www.e-anjelik.sk\/index.php\/2018\/02\/18\/postne-obdobie\/","title":{"rendered":"P\u00f4stne obdobie"},"content":{"rendered":"<p>V p\u00f4stnom obdob\u00ed ide najm\u00e4 o vn\u00fatorn\u00fa \u2013 duchovn\u00fa pr\u00edpravu na ve\u013ekono\u010dn\u00e9 sviatky \u2013 sviatky vzkriesenia P\u00e1na Je\u017ei\u0161a Krista, Jeho v\u00ed\u0165azstva nad diablom, hriechom a smr\u0165ou. Po\u010das p\u00f4stneho obdobia si kres\u0165ania pripom\u00ednaj\u00fa umu\u010denie a smr\u0165 P\u00e1na Je\u017ei\u0161a Krista.<\/p>\n<p>Postenie \u2013 v zmysle odriekania sa ist\u00fdch pokrmov v ur\u010dit\u00e9 dni \u2013 je v na\u0161ej cirkvi dobrovo\u013en\u00e9. Pri spr\u00e1vnom, teda nielen vonkaj\u0161om, ale predov\u0161etk\u00fdm duchovnom pon\u00edman\u00ed, je p\u00f4st d\u00f4le\u017eit\u00fdm n\u00e1strojom duchovn\u00e9ho rastu a duchovnej pr\u00edpravy ako prejav pok\u00e1nia.<\/p>\n<p>Pok\u00e1nie znamen\u00e1 obr\u00e1tenie sa \u010dloveka k P\u00e1nu Bohu, rozpoznanie a priznanie si vlastn\u00fdch omylov a hriechov i nespr\u00e1vnej cesty a nebezpe\u010denstva nespr\u00e1vnej situ\u00e1cie, o\u013eutovanie hriechov, prosbu o odpustenie hriechov a pozit\u00edvnu zmenu sp\u00f4sobu \u017eivota vo svetle Bo\u017eieho slova.<\/p>\n<p><b>V obdob\u00ed p\u00f4stu je \u0161es\u0165 p\u00f4stnych nedie\u013e: <\/b><br \/>\n1. Invocavit (Bude ma vz\u00fdva\u0165; pod\u013ea \u017d 91, 15)<br \/>\n2. Reminiscere (Rozpome\u0148 sa; pod\u013ea \u017d 25, 6)<br \/>\n3. Oculi (O\u010di; pod\u013ea \u017d 25, 15)<br \/>\n4. Laetere (Vese\u013ete sa; pod\u013ea Iz 66, 10)<br \/>\n5. Smrtn\u00e1 \u2013 Iudica (S\u00fa\u010f; pod\u013ea \u017d 43, 1)<br \/>\n6. Kvetn\u00e1 \u2013 Palmarum (Palmov\u00e1; pod\u013ea Mt 21, 8) \u2013 touto nede\u013eou sa za\u010d\u00edna Ve\u013ek\u00fd alebo Tich\u00fd t\u00fd\u017ede\u0148.<\/p>\n<p><b>Po\u010das Ve\u013ek\u00e9ho \u2013 Tich\u00e9ho t\u00fd\u017ed\u0148a si pripom\u00edname: <\/b><br \/>\n\u2022 pamiatku ustanovenia sviatosti Ve\u010dere P\u00e1novej \u2013 Zelen\u00fd \u0161tvrtok;<br \/>\n\u2022 pamiatku umu\u010denia, ukri\u017eovania a smrti P\u00e1na Je\u017ei\u0161a Krista \u2013 Ve\u013ek\u00fd piatok;<br \/>\n\u2022 de\u0148 hrobov\u00e9ho odpo\u010dinku Je\u017ei\u0161a Krista \u2013 Bielu sobotu.<\/p>\n<p>Cel\u00e9 p\u00f4stne obdobie n\u00e1m d\u00e1va osobitn\u00fa pr\u00edle\u017eitos\u0165 st\u00ed\u0161i\u0165 sa pred P\u00e1nom Bohom a s Jeho mocou i pomocou urobi\u0165 poriadok vo svojom vn\u00fatri, a tak aj vo svojom \u017eivote. S t\u00fdm je spojen\u00e1 aj v\u010fa\u010dnos\u0165 k P\u00e1nu Bohu, uvedomenie si a prijatie dokonalej a nenahradite\u013enej l\u00e1sky n\u00e1\u0161ho Spasite\u013ea Je\u017ei\u0161a Krista.<\/p>\n","protected":false},"excerpt":{"rendered":"<p>V p\u00f4stnom obdob\u00ed ide najm\u00e4 o vn\u00fatorn\u00fa \u2013 duchovn\u00fa pr\u00edpravu na ve\u013ekono\u010dn\u00e9 sviatky \u2013 sviatky vzkriesenia P\u00e1na Je\u017ei\u0161a Krista, Jeho v\u00ed\u0165azstva nad diablom, hriechom a smr\u0165ou. Po\u010das p\u00f4stneho obdobia si kres\u0165ania pripom\u00ednaj\u00fa umu\u010denie a smr\u0165 P\u00e1na Je\u017ei\u0161a Krista. Postenie \u2013 v zmysle odriekania sa ist\u00fdch pokrmov v ur\u010dit\u00e9 dni \u2013 je v na\u0161ej cirkvi dobrovo\u013en\u00e9. &#8230; <a title=\"P\u00f4stne obdobie\" class=\"read-more\" href=\"https:\/\/www.e-anjelik.sk\/index.php\/2018\/02\/18\/postne-obdobie\/\" aria-label=\"Pre\u010d\u00edtajte si viac o P\u00f4stne obdobie\">\u010c\u00edta\u0165 viac<\/a><\/p>\n","protected":false},"author":5,"featured_media":0,"comment_status":"open","ping_status":"open","sticky":false,"template":"","format":"standard","meta":{"footnotes":""},"categories":[25,53],"tags":[],"class_list":["post-28363","post","type-post","status-publish","format-standard","hentry","category-liturgia","category-post"],"_links":{"self":[{"href":"https:\/\/www.e-anjelik.sk\/index.php\/wp-json\/wp\/v2\/posts\/28363","targetHints":{"allow":["GET"]}}],"collection":[{"href":"https:\/\/www.e-anjelik.sk\/index.php\/wp-json\/wp\/v2\/posts"}],"about":[{"href":"https:\/\/www.e-anjelik.sk\/index.php\/wp-json\/wp\/v2\/types\/post"}],"author":[{"embeddable":true,"href":"https:\/\/www.e-anjelik.sk\/index.php\/wp-json\/wp\/v2\/users\/5"}],"replies":[{"embeddable":true,"href":"https:\/\/www.e-anjelik.sk\/index.php\/wp-json\/wp\/v2\/comments?post=28363"}],"version-history":[{"count":1,"href":"https:\/\/www.e-anjelik.sk\/index.php\/wp-json\/wp\/v2\/posts\/28363\/revisions"}],"predecessor-version":[{"id":31678,"href":"https:\/\/www.e-anjelik.sk\/index.php\/wp-json\/wp\/v2\/posts\/28363\/revisions\/31678"}],"wp:attachment":[{"href":"https:\/\/www.e-anjelik.sk\/index.php\/wp-json\/wp\/v2\/media?parent=28363"}],"wp:term":[{"taxonomy":"category","embeddable":true,"href":"https:\/\/www.e-anjelik.sk\/index.php\/wp-json\/wp\/v2\/categories?post=28363"},{"taxonomy":"post_tag","embeddable":true,"href":"https:\/\/www.e-anjelik.sk\/index.php\/wp-json\/wp\/v2\/tags?post=28363"}],"curies":[{"name":"wp","href":"https:\/\/api.w.org\/{rel}","templated":true}]}}