{"id":2837,"date":"2010-05-18T09:54:31","date_gmt":"2010-05-18T09:54:31","guid":{"rendered":"http:\/\/e-anjelik.sk\/?p=2837"},"modified":"2010-05-18T09:54:31","modified_gmt":"2010-05-18T09:54:31","slug":"jezisov-tyzden-na-stokholmskej-univerzite","status":"publish","type":"post","link":"https:\/\/www.e-anjelik.sk\/index.php\/2010\/05\/18\/jezisov-tyzden-na-stokholmskej-univerzite\/","title":{"rendered":"Je\u017ei\u0161ov t\u00fd\u017ede\u0148 na \u0160tokholmskej univerzite"},"content":{"rendered":"<p>Tento t&yacute;\u017ede\u0148 prebieha na &Scaron;tokholmskej univerzite Je\u017ei&scaron;ov t&yacute;\u017ede\u0148. Vyvrcholen&iacute;m akcie bude sobot\u0148aj&scaron;&iacute; program: modlitby medzi &scaron;tudentami, gratis piknik na pamiatku Je\u017ei&scaron;ovho l&aacute;mania chleba, premietanie filmu o Je\u017ei&scaron;ovi s n&aacute;slednou diskusiou. Cel&uacute; akciu organizuje Kres\u0165ansk&eacute; zdru\u017eenie &scaron;tudentov na \u010dele s Martinom Helgessonom. Zdru\u017eenie pracuje medzi &scaron;tudentami s cie\u013eom &scaron;&iacute;ri\u0165 kres\u0165ansk&uacute; vieru a poznanie Je\u017ei&scaron;a Krista medzi nekres\u0165anmi, ka\u017ed&yacute; t&yacute;\u017ede\u0148 pon&uacute;kaj&uacute; k&aacute;vu s debatami a poskytuj&uacute; konkr&eacute;tnu pomoc pre t&yacute;ch,ktor&iacute; o to po\u017eiadaj&uacute;.<\/p>\n<p>(<a href=\"http:\/\/www.dagen.de\">www.dagen.de<\/a>)<\/p>\n","protected":false},"excerpt":{"rendered":"<p>Tento t&yacute;\u017ede\u0148 prebieha na &Scaron;tokholmskej univerzite Je\u017ei&scaron;ov t&yacute;\u017ede\u0148. Vyvrcholen&iacute;m akcie bude sobot\u0148aj&scaron;&iacute; program: modlitby medzi &scaron;tudentami, gratis piknik na pamiatku Je\u017ei&scaron;ovho l&aacute;mania chleba, premietanie filmu o Je\u017ei&scaron;ovi s n&aacute;slednou diskusiou. Cel&uacute; akciu organizuje Kres\u0165ansk&eacute; zdru\u017eenie &scaron;tudentov na \u010dele s Martinom Helgessonom. Zdru\u017eenie pracuje medzi &scaron;tudentami s cie\u013eom &scaron;&iacute;ri\u0165 kres\u0165ansk&uacute; vieru a poznanie Je\u017ei&scaron;a Krista medzi &#8230; <a title=\"Je\u017ei\u0161ov t\u00fd\u017ede\u0148 na \u0160tokholmskej univerzite\" class=\"read-more\" href=\"https:\/\/www.e-anjelik.sk\/index.php\/2010\/05\/18\/jezisov-tyzden-na-stokholmskej-univerzite\/\" aria-label=\"Pre\u010d\u00edtajte si viac o Je\u017ei\u0161ov t\u00fd\u017ede\u0148 na \u0160tokholmskej univerzite\">\u010c\u00edta\u0165 viac<\/a><\/p>\n","protected":false},"author":22,"featured_media":0,"comment_status":"open","ping_status":"open","sticky":false,"template":"","format":"standard","meta":{"footnotes":""},"categories":[2],"tags":[187],"class_list":["post-2837","post","type-post","status-publish","format-standard","hentry","category-ekumena","tag-mladez-3"],"_links":{"self":[{"href":"https:\/\/www.e-anjelik.sk\/index.php\/wp-json\/wp\/v2\/posts\/2837","targetHints":{"allow":["GET"]}}],"collection":[{"href":"https:\/\/www.e-anjelik.sk\/index.php\/wp-json\/wp\/v2\/posts"}],"about":[{"href":"https:\/\/www.e-anjelik.sk\/index.php\/wp-json\/wp\/v2\/types\/post"}],"author":[{"embeddable":true,"href":"https:\/\/www.e-anjelik.sk\/index.php\/wp-json\/wp\/v2\/users\/22"}],"replies":[{"embeddable":true,"href":"https:\/\/www.e-anjelik.sk\/index.php\/wp-json\/wp\/v2\/comments?post=2837"}],"version-history":[{"count":0,"href":"https:\/\/www.e-anjelik.sk\/index.php\/wp-json\/wp\/v2\/posts\/2837\/revisions"}],"wp:attachment":[{"href":"https:\/\/www.e-anjelik.sk\/index.php\/wp-json\/wp\/v2\/media?parent=2837"}],"wp:term":[{"taxonomy":"category","embeddable":true,"href":"https:\/\/www.e-anjelik.sk\/index.php\/wp-json\/wp\/v2\/categories?post=2837"},{"taxonomy":"post_tag","embeddable":true,"href":"https:\/\/www.e-anjelik.sk\/index.php\/wp-json\/wp\/v2\/tags?post=2837"}],"curies":[{"name":"wp","href":"https:\/\/api.w.org\/{rel}","templated":true}]}}