{"id":28373,"date":"2015-03-30T00:16:13","date_gmt":"2015-03-29T22:16:13","guid":{"rendered":"http:\/\/www.evanjelik.sk\/?p=28373"},"modified":"2015-03-30T00:16:13","modified_gmt":"2015-03-29T22:16:13","slug":"evanjelicka-indentita-prednaska","status":"publish","type":"post","link":"https:\/\/www.e-anjelik.sk\/index.php\/2015\/03\/30\/evanjelicka-indentita-prednaska\/","title":{"rendered":"Evanjelick\u00e1 indentita (Predn\u00e1\u0161ka)"},"content":{"rendered":"<p><iframe loading=\"lazy\" src=\"https:\/\/www.youtube.com\/embed\/3IFoadRXIyg?list=PLTPzSEX8iqlWHQovKps2_5Ktxwyaev2Wd\" width=\"560\" height=\"315\" frameborder=\"0\" allowfullscreen=\"allowfullscreen\"><\/iframe><\/p>\n<p>Predn\u00e1\u0161ka o evanjelickej identite, dekana EBF Doc. \u013dubom\u00edra Batku PhD, zo\u00a0<a class=\" yt-uix-sessionlink     spf-link \" href=\"https:\/\/www.youtube.com\/playlist?list=PLTPzSEX8iqlWHQovKps2_5Ktxwyaev2Wd\" data-sessionlink=\"ei=_HgYVZ6POYrucJCcgcgI\">4. evanjelick\u00e1 \u0161kolsk\u00e1 konferencia (2015)<\/a>. Nahral Franti\u0161ek Kore\u010dko.<\/p>\n<p>Ak si chcete predn\u00e1\u0161ku stiahnu\u0165 a vypo\u010du\u0165 napr v mobile, je dostupn\u00e1 aj vo forme mp3, v 7.mich \u010dastiach:<\/p>\n<p><a title=\"2.1. Evanjelick\u00e1 identita- \u00davod predn\u00e1\u0161ky - \u013dubom\u00edr Batka\" href=\"http:\/\/www.evanjelik.sk\/content\/2.1. Evanjelick\u00e1 identita- \u00davod predn\u00e1\u0161ky - \u013dubom\u00edr Batka.mp3\" target=\"_blank\">2.1. Evanjelick\u00e1 identita- \u00davod predn\u00e1\u0161ky &#8211; \u013dubom\u00edr Batka<\/a><\/p>\n<p><a title=\"2.2. Evanjelick\u00e1 identita- Identita ako kontinuita - \u013dubom\u00edr Batka\" href=\"http:\/\/www.evanjelik.sk\/content\/2.2. Evanjelick\u00e1 identita- Identita ako kontinuita - \u013dubom\u00edr Batka.mp3\" target=\"_blank\">2.2. Evanjelick\u00e1 identita- Identita ako kontinuita &#8211; \u013dubom\u00edr Batka<\/a><\/p>\n<p><a title=\"2.3. Evanjelick\u00e1 identita- Vymedzenie t\u00e9my - \u013dubom\u00edr Batka\" href=\"http:\/\/www.evanjelik.sk\/content\/2.3. Evanjelick\u00e1 identita- Vymedzenie t\u00e9my - \u013dubom\u00edr Batka.mp3\" target=\"_blank\">2.3. Evanjelick\u00e1 identita- Vymedzenie t\u00e9my &#8211; \u013dubom\u00edr Batka<\/a><\/p>\n<p><a title=\"2.4. Evanjelick\u00e1 identita- Sloboda svedomia - \u013dubom\u00edr Batka\" href=\"http:\/\/www.evanjelik.sk\/content\/2.4. Evanjelick\u00e1 identita- Sloboda svedomia - \u013dubom\u00edr Batka.mp3\" target=\"_blank\">2.4. Evanjelick\u00e1 identita- Sloboda svedomia &#8211; \u013dubom\u00edr Batka<\/a><\/p>\n<p><a title=\"2.5. Evanjelick\u00e1 identita- P\u00edsmo sv\u00e4t\u00e9 - \u013dubom\u00edr Batka\" href=\"http:\/\/www.evanjelik.sk\/content\/2.5. Evanjelick\u00e1 identita- P\u00edsmo sv\u00e4t\u00e9 - \u013dubom\u00edr Batka.mp3\" target=\"_blank\">2.5. Evanjelick\u00e1 identita- P\u00edsmo sv\u00e4t\u00e9 &#8211; \u013dubom\u00edr Batka<\/a><\/p>\n<p><a title=\"2.6. Evanjelick\u00e1 identita- Vzdelanos\u0165 a \u0161koly - \u013dubom\u00edr Batka\" href=\"2.6. Evanjelick\u00e1 identita- Vzdelanos\u0165 a \u0161koly - \u013dubom\u00edr Batka.mp3\" target=\"_blank\">2.6. Evanjelick\u00e1 identita- Vzdelanos\u0165 a \u0161koly &#8211; \u013dubom\u00edr Batka<\/a><\/p>\n<p><a title=\"2.7. Evanjelick\u00e1 identita- Z\u00e1ver - \u013dubom\u00edr Batka\" href=\"2.7. Evanjelick\u00e1 identita- Z\u00e1ver - \u013dubom\u00edr Batka.mp3\" target=\"_blank\">2.7. Evanjelick\u00e1 identita- Z\u00e1ver &#8211; \u013dubom\u00edr Batka<\/a><\/p>\n","protected":false},"excerpt":{"rendered":"<p>Predn\u00e1\u0161ka o evanjelickej identite, dekana EBF Doc. \u013dubom\u00edra Batku PhD, zo\u00a04. evanjelick\u00e1 \u0161kolsk\u00e1 konferencia (2015). Nahral Franti\u0161ek Kore\u010dko. Ak si chcete predn\u00e1\u0161ku stiahnu\u0165 a vypo\u010du\u0165 napr v mobile, je dostupn\u00e1 aj vo forme mp3, v 7.mich \u010dastiach: 2.1. Evanjelick\u00e1 identita- \u00davod predn\u00e1\u0161ky &#8211; \u013dubom\u00edr Batka 2.2. Evanjelick\u00e1 identita- Identita ako kontinuita &#8211; \u013dubom\u00edr Batka 2.3. &#8230; <a title=\"Evanjelick\u00e1 indentita (Predn\u00e1\u0161ka)\" class=\"read-more\" href=\"https:\/\/www.e-anjelik.sk\/index.php\/2015\/03\/30\/evanjelicka-indentita-prednaska\/\" aria-label=\"Pre\u010d\u00edtajte si viac o Evanjelick\u00e1 indentita (Predn\u00e1\u0161ka)\">\u010c\u00edta\u0165 viac<\/a><\/p>\n","protected":false},"author":5,"featured_media":0,"comment_status":"open","ping_status":"open","sticky":false,"template":"","format":"standard","meta":{"footnotes":""},"categories":[1],"tags":[],"class_list":["post-28373","post","type-post","status-publish","format-standard","hentry","category-adventna-modlitba"],"_links":{"self":[{"href":"https:\/\/www.e-anjelik.sk\/index.php\/wp-json\/wp\/v2\/posts\/28373","targetHints":{"allow":["GET"]}}],"collection":[{"href":"https:\/\/www.e-anjelik.sk\/index.php\/wp-json\/wp\/v2\/posts"}],"about":[{"href":"https:\/\/www.e-anjelik.sk\/index.php\/wp-json\/wp\/v2\/types\/post"}],"author":[{"embeddable":true,"href":"https:\/\/www.e-anjelik.sk\/index.php\/wp-json\/wp\/v2\/users\/5"}],"replies":[{"embeddable":true,"href":"https:\/\/www.e-anjelik.sk\/index.php\/wp-json\/wp\/v2\/comments?post=28373"}],"version-history":[{"count":0,"href":"https:\/\/www.e-anjelik.sk\/index.php\/wp-json\/wp\/v2\/posts\/28373\/revisions"}],"wp:attachment":[{"href":"https:\/\/www.e-anjelik.sk\/index.php\/wp-json\/wp\/v2\/media?parent=28373"}],"wp:term":[{"taxonomy":"category","embeddable":true,"href":"https:\/\/www.e-anjelik.sk\/index.php\/wp-json\/wp\/v2\/categories?post=28373"},{"taxonomy":"post_tag","embeddable":true,"href":"https:\/\/www.e-anjelik.sk\/index.php\/wp-json\/wp\/v2\/tags?post=28373"}],"curies":[{"name":"wp","href":"https:\/\/api.w.org\/{rel}","templated":true}]}}