{"id":28387,"date":"2015-03-31T13:39:47","date_gmt":"2015-03-31T11:39:47","guid":{"rendered":"http:\/\/www.evanjelik.sk\/?p=28387"},"modified":"2015-03-31T13:39:47","modified_gmt":"2015-03-31T11:39:47","slug":"waldemar-pytel-novy-biskup-wroclawskej-diecezy","status":"publish","type":"post","link":"https:\/\/www.e-anjelik.sk\/index.php\/2015\/03\/31\/waldemar-pytel-novy-biskup-wroclawskej-diecezy\/","title":{"rendered":"Waldemar Pytel &#8211; nov\u00fd biskup wroclawskej diec\u00e9zy"},"content":{"rendered":"<p>7. marca 2015 sa v evanjelickom kostole vo  \u015awidnici konala sl\u00e1vnos\u0165 vysviacky nov\u00e9ho biskupa wroclawskej diec\u00e9zy Evanjelicko-augsburskej cirkvi v Po\u013esku. Akt ordin\u00e1cie vykonal biskup tejto cirkvi J. Samiec za asistencie biskupa R. Bogusza a \u0161v\u00e9dskeho biskupa Ragnara Persenia z Uppsaly. Na sl\u00e1vnosti boli pr\u00edtomn\u00ed hostia z Nemecka, \u0160v\u00e9dska a \u010ceska.  Nov\u00fd biskup m\u00e1 57 rokov. V cirkvi vykon\u00e1val r\u00f4zne funkcie, v r. 2007 a\u017e 2012 bol predsedom synody. Je \u017eenat\u00fd a m\u00e1 dvoch synov.<br \/>\n(www.luteranie.pl)<\/p>\n","protected":false},"excerpt":{"rendered":"<p>7. marca 2015 sa v evanjelickom kostole vo \u015awidnici konala sl\u00e1vnos\u0165 vysviacky nov\u00e9ho biskupa wroclawskej diec\u00e9zy Evanjelicko-augsburskej cirkvi v Po\u013esku. Akt ordin\u00e1cie vykonal biskup tejto cirkvi J. Samiec za asistencie biskupa R. Bogusza a \u0161v\u00e9dskeho biskupa Ragnara Persenia z Uppsaly. Na sl\u00e1vnosti boli pr\u00edtomn\u00ed hostia z Nemecka, \u0160v\u00e9dska a \u010ceska. Nov\u00fd biskup m\u00e1 57 rokov. &#8230; <a title=\"Waldemar Pytel &#8211; nov\u00fd biskup wroclawskej diec\u00e9zy\" class=\"read-more\" href=\"https:\/\/www.e-anjelik.sk\/index.php\/2015\/03\/31\/waldemar-pytel-novy-biskup-wroclawskej-diecezy\/\" aria-label=\"Pre\u010d\u00edtajte si viac o Waldemar Pytel &#8211; nov\u00fd biskup wroclawskej diec\u00e9zy\">\u010c\u00edta\u0165 viac<\/a><\/p>\n","protected":false},"author":2,"featured_media":0,"comment_status":"open","ping_status":"open","sticky":false,"template":"","format":"standard","meta":{"footnotes":""},"categories":[1],"tags":[],"class_list":["post-28387","post","type-post","status-publish","format-standard","hentry","category-adventna-modlitba"],"_links":{"self":[{"href":"https:\/\/www.e-anjelik.sk\/index.php\/wp-json\/wp\/v2\/posts\/28387","targetHints":{"allow":["GET"]}}],"collection":[{"href":"https:\/\/www.e-anjelik.sk\/index.php\/wp-json\/wp\/v2\/posts"}],"about":[{"href":"https:\/\/www.e-anjelik.sk\/index.php\/wp-json\/wp\/v2\/types\/post"}],"author":[{"embeddable":true,"href":"https:\/\/www.e-anjelik.sk\/index.php\/wp-json\/wp\/v2\/users\/2"}],"replies":[{"embeddable":true,"href":"https:\/\/www.e-anjelik.sk\/index.php\/wp-json\/wp\/v2\/comments?post=28387"}],"version-history":[{"count":0,"href":"https:\/\/www.e-anjelik.sk\/index.php\/wp-json\/wp\/v2\/posts\/28387\/revisions"}],"wp:attachment":[{"href":"https:\/\/www.e-anjelik.sk\/index.php\/wp-json\/wp\/v2\/media?parent=28387"}],"wp:term":[{"taxonomy":"category","embeddable":true,"href":"https:\/\/www.e-anjelik.sk\/index.php\/wp-json\/wp\/v2\/categories?post=28387"},{"taxonomy":"post_tag","embeddable":true,"href":"https:\/\/www.e-anjelik.sk\/index.php\/wp-json\/wp\/v2\/tags?post=28387"}],"curies":[{"name":"wp","href":"https:\/\/api.w.org\/{rel}","templated":true}]}}