{"id":28389,"date":"2015-03-31T13:40:43","date_gmt":"2015-03-31T11:40:43","guid":{"rendered":"http:\/\/www.evanjelik.sk\/?p=28389"},"modified":"2015-03-31T13:40:43","modified_gmt":"2015-03-31T11:40:43","slug":"biskupska-konferencia-velkd-v-meissen","status":"publish","type":"post","link":"https:\/\/www.e-anjelik.sk\/index.php\/2015\/03\/31\/biskupska-konferencia-velkd-v-meissen\/","title":{"rendered":"Biskupsk\u00e1 konferencia VELKD v Meissen"},"content":{"rendered":"<p>Od 14. do 17. marca t. r. sa v Meissen konalo neverejn\u00e9 zasadnutie ( v klauzure) Konferencie biskupov Spojenej evanjelicko-luter\u00e1nskej cirkvi Nemecka \u2013 VELKD. Konferenciu tvor\u00ed 17 \u010dlenov : biskupi \u010dlensk\u00fdch cirkv\u00ed VELKD a aktu\u00e1lne aj 6 \u010fal\u0161\u00edch ordinovan\u00fdch ved\u00facich duchovn\u00fdch. V s\u00fa\u010dasnosti predsedom Konferencie je ved\u00faci biskup VELKD , biskup Gerhard Ulrich zo Schwerinu.<br \/>\nT\u00e9mou zasadnutia bola Teologick\u00e1 a politick\u00e1 relevancia spisov Martina Luthera o \u017eidoch. Ide o pr\u00edpravu na jubilejn\u00fd rok Reform\u00e1cie 2017 s d\u00f4vodom osvetli\u0165 aj za\u0165a\u017euj\u00face spisy Luthera.<br \/>\n(www.ekd.de)<\/p>\n","protected":false},"excerpt":{"rendered":"<p>Od 14. do 17. marca t. r. sa v Meissen konalo neverejn\u00e9 zasadnutie ( v klauzure) Konferencie biskupov Spojenej evanjelicko-luter\u00e1nskej cirkvi Nemecka \u2013 VELKD. Konferenciu tvor\u00ed 17 \u010dlenov : biskupi \u010dlensk\u00fdch cirkv\u00ed VELKD a aktu\u00e1lne aj 6 \u010fal\u0161\u00edch ordinovan\u00fdch ved\u00facich duchovn\u00fdch. V s\u00fa\u010dasnosti predsedom Konferencie je ved\u00faci biskup VELKD , biskup Gerhard Ulrich zo Schwerinu. &#8230; <a title=\"Biskupsk\u00e1 konferencia VELKD v Meissen\" class=\"read-more\" href=\"https:\/\/www.e-anjelik.sk\/index.php\/2015\/03\/31\/biskupska-konferencia-velkd-v-meissen\/\" aria-label=\"Pre\u010d\u00edtajte si viac o Biskupsk\u00e1 konferencia VELKD v Meissen\">\u010c\u00edta\u0165 viac<\/a><\/p>\n","protected":false},"author":2,"featured_media":0,"comment_status":"open","ping_status":"open","sticky":false,"template":"","format":"standard","meta":{"footnotes":""},"categories":[9],"tags":[],"class_list":["post-28389","post","type-post","status-publish","format-standard","hentry","category-europa"],"_links":{"self":[{"href":"https:\/\/www.e-anjelik.sk\/index.php\/wp-json\/wp\/v2\/posts\/28389","targetHints":{"allow":["GET"]}}],"collection":[{"href":"https:\/\/www.e-anjelik.sk\/index.php\/wp-json\/wp\/v2\/posts"}],"about":[{"href":"https:\/\/www.e-anjelik.sk\/index.php\/wp-json\/wp\/v2\/types\/post"}],"author":[{"embeddable":true,"href":"https:\/\/www.e-anjelik.sk\/index.php\/wp-json\/wp\/v2\/users\/2"}],"replies":[{"embeddable":true,"href":"https:\/\/www.e-anjelik.sk\/index.php\/wp-json\/wp\/v2\/comments?post=28389"}],"version-history":[{"count":0,"href":"https:\/\/www.e-anjelik.sk\/index.php\/wp-json\/wp\/v2\/posts\/28389\/revisions"}],"wp:attachment":[{"href":"https:\/\/www.e-anjelik.sk\/index.php\/wp-json\/wp\/v2\/media?parent=28389"}],"wp:term":[{"taxonomy":"category","embeddable":true,"href":"https:\/\/www.e-anjelik.sk\/index.php\/wp-json\/wp\/v2\/categories?post=28389"},{"taxonomy":"post_tag","embeddable":true,"href":"https:\/\/www.e-anjelik.sk\/index.php\/wp-json\/wp\/v2\/tags?post=28389"}],"curies":[{"name":"wp","href":"https:\/\/api.w.org\/{rel}","templated":true}]}}