{"id":28420,"date":"2015-04-05T12:02:56","date_gmt":"2015-04-05T10:02:56","guid":{"rendered":"http:\/\/www.evanjelik.sk\/?p=28420"},"modified":"2025-08-15T16:29:05","modified_gmt":"2025-08-15T14:29:05","slug":"jezisovi-patri-hosana","status":"publish","type":"post","link":"https:\/\/www.e-anjelik.sk\/index.php\/2015\/04\/05\/jezisovi-patri-hosana\/","title":{"rendered":"Je\u017ei\u0161ovi patr\u00ed: Hosana!"},"content":{"rendered":"\n<p><strong>&nbsp;&nbsp;&nbsp;&nbsp;&nbsp;&nbsp;&nbsp;&nbsp; &nbsp;&nbsp; &nbsp;&nbsp;&nbsp; Je\u017ei\u0161ovi patr\u00ed: Hosana!&nbsp;&nbsp;&nbsp;&nbsp;&nbsp;&nbsp;&nbsp;&nbsp;&nbsp;&nbsp;&nbsp;&nbsp;&nbsp;&nbsp;&nbsp;&nbsp;&nbsp;&nbsp;&nbsp;&nbsp;&nbsp;&nbsp;&nbsp;&nbsp;&nbsp;&nbsp;&nbsp;&nbsp;&nbsp;&nbsp;&nbsp;&nbsp;&nbsp;&nbsp;&nbsp;&nbsp;&nbsp;&nbsp;&nbsp;&nbsp;&nbsp;&nbsp;&nbsp;&nbsp;&nbsp;&nbsp;&nbsp;&nbsp;&nbsp;&nbsp;&nbsp;&nbsp;&nbsp;&nbsp;&nbsp;&nbsp; <\/strong><\/p>\n\n\n\n<p><strong>J\u00e1n 17, 1-5:<\/strong><\/p>\n\n\n\n<p><em>\u201eKe\u010f to Je\u017ei\u0161 povedal, pozdvihol o\u010di k&nbsp;nebu a&nbsp;hovoril: Ot\u010de, pri\u0161la hodina; osl\u00e1v svojho Syna, aby Syn osl\u00e1vil Teba, (2) ako si Mu dal moc nad v\u0161etk\u00fdmi \u013eu\u010fmi, aby im dal v\u0161etko, \u010do si Ty dal jemu, toti\u017e ve\u010dn\u00fd \u017eivot. (3) A&nbsp;to je ve\u010dn\u00fd \u017eivot, aby poznali Teba, jedin\u00e9ho prav\u00e9ho Boha, a&nbsp;ktor\u00e9ho si poslal, Je\u017ei\u0161a Krista. (4) Ja som \u0164a osl\u00e1vil na zemi, ke\u010f som dokonal dielo, ktor\u00e9 si mi dal kona\u0165, &#8211; teraz, Ot\u010de, osl\u00e1v ma Ty u&nbsp;seba sl\u00e1vou, ktor\u00fa som mal pri Tebe sk\u00f4r, ako svet povstal.\u201c Amen<\/em><\/p>\n\n\n\n<p>Bratia a&nbsp;sestry v&nbsp;P\u00e1novi!<\/p>\n\n\n\n<p>Modlitba je rozhovor s&nbsp;P\u00e1nom Bohom. Slov\u00e1 P\u00edsma sv\u00e4t\u00e9ho ktor\u00e9 zazneli z&nbsp;J\u00e1novho evanjelia v&nbsp;dne\u0161n\u00fa Kvetn\u00fa nede\u013eu, umo\u017e\u0148uj\u00fa n\u00e1m zapo\u010d\u00fava\u0165 sa do jedine\u010dnej modlitby. Sme pocten\u00fd t\u00fdm, \u017ee smieme ma\u0165 \u00fa\u010das\u0165 na rozhovore Syna a&nbsp;Otca. Je to rozhovor d\u00f4vern\u00fd, osobn\u00fd, ba a\u017e int\u00edmny. Naz\u00fdva sa arcipastierskou modlitbou Je\u017ei\u0161a. Pre n\u00e1s je to mo\u017enos\u0165 prenikn\u00fa\u0165 do myslenia, ktor\u00e9 je in\u00e9 ako na\u0161e be\u017en\u00e9 myslenie,&nbsp;do rozhodovania, ktor\u00e9 je in\u00e9 ako na\u0161e a&nbsp;do konania, ktor\u00e9 je tie\u017e in\u00e9, ako be\u017en\u00e9 \u013eudsk\u00e9 konanie. U\u017e prorok Izai\u00e1\u0161 povedal, \u017ee Hospodinove cesty a&nbsp;my\u0161lienky s\u00fa in\u00e9, ako na\u0161e cesty a&nbsp;my\u0161lienky, pri\u010dom tie Bo\u017eie cesty a&nbsp;my\u0161lienky prevy\u0161uj\u00fa na\u0161e cesty a&nbsp;my\u0161lienky. (Iz 55, 8-9).<\/p>\n\n\n\n<p>\u013dudia maj\u00fa \u010dasto pocit, \u017ee by mali opravova\u0165 a\u00a0korigova\u0165 Bo\u017eie cesty a\u00a0my\u0161lienky. Mnoh\u00fdm nech\u00fdba odvaha navrhova\u0165 in\u00e9 cesty a\u00a0rie\u0161enia ved\u00face k\u00a0\u017eivotu, ako s\u00fa cesty Bo\u017eie. Najm\u00e4 by \u010dlovek r\u00e1d presmeroval cestu P\u00e1na Je\u017ei\u0161a ku kr\u00ed\u017eu. U\u010den\u00edk Peter to povedal za mnoh\u00fdch, ke\u010f Je\u017ei\u0161ovi smeruj\u00facemu k\u00a0utrpeniu a\u00a0smrti povedal: <em>\u201eNech Ti je Boh milostiv\u00fd, Pane! To sa Ti nesmie sta\u0165!\u201c (Mt 16, 22) <\/em>Pa\u0161iov\u00e9 udalosti, ktor\u00e9 sme vypo\u010duli, ako i\u00a0d\u00f4vern\u00fd rozhovor Je\u017ei\u0161a s\u00a0Otcom nebesk\u00fdm n\u00e1s volaj\u00fa na cestu s\u00a0N\u00edm, ktor\u00e1 smeruje k\u00a0Jeho vykupite\u013eskej smrti. O\u00a0poslednom pr\u00edchode P\u00e1na do Jeruzalema evanjelista Mat\u00fa\u0161 poznamenal, \u017ee \u201e<em>sa to stalo, aby sa splnilo slovo prorokovo: Povedzte dc\u00e9re sionskej: Ajh\u013ea, tvoj kr\u00e1\u013e k\u00a0Tebe prich\u00e1dza krotk\u00fd, sediac na oslovi&#8230;\u201c (Mt 21, 4, Zach 9, 9<\/em>) Je\u017ei\u0161 v\u017edy volal svojich k\u00a0tomu, aby Mu verili a\u00a0d\u00f4verovali aj Otcovi nebesk\u00e9mu. Aby tak d\u00f4verovali tomu, \u010do je zdanlivo nerozumn\u00e9, alebo \u013eudskej logike neprijate\u013en\u00e9, aby potom ve\u010dne pre\u017e\u00edvali d\u00f4sledky takejto d\u00f4very.<\/p>\n\n\n\n<p>Iste, nie je to jednoduch\u00e9, ani nie\u010do be\u017en\u00e9, alebo v\u0161edn\u00e9. Apo\u0161tol Pavel jasne nap\u00edsal, \u017ee <em>\u201eslovo o&nbsp;kr\u00ed\u017ei je toti\u017e bl\u00e1znovstvom t\u00fdm, \u010do hyn\u00fa. Ale n\u00e1m, ktor\u00ed dosahujeme spasenie, je mocou Bo\u017eou\u201c. (1K&nbsp;1, 18). <\/em>Je pravdou a&nbsp;skuto\u010dnos\u0165ou, \u017ee pr\u00e1ve t\u00fdmto nanajv\u00fd\u0161 prekvapuj\u00facim sp\u00f4sobom sa P\u00e1n Boh rozhodol rie\u0161i\u0165 na\u0161e najv\u00e4\u010d\u0161ie probl\u00e9my: na\u0161u bezmocnos\u0165 zo\u010di-vo\u010di smrti, n\u00e1\u0161 strach a&nbsp;na\u0161e otroctvo hriechu.<\/p>\n\n\n\n<p>Ke\u010f P\u00e1n Je\u017ei\u0161 dopovedal svoj posledn\u00fd z\u00e1vet, svoju zmluvu a&nbsp;testament: <em>To \u010di\u0148te na moju pamiatku<\/em>, ke\u010f svojim u\u010den\u00edkom dal pr\u00edklad l\u00e1sky a&nbsp;e\u0161te raz ich upozornil na v\u00e1\u017enos\u0165 prich\u00e1dzaj\u00facich udalost\u00ed, obr\u00e1til sa v&nbsp;d\u00f4vere na svojho nebesk\u00e9ho Otca. <em>\u201ePozdvihol o\u010di k&nbsp;nebu a&nbsp;hovoril: Ot\u010de, pri\u0161la hodina, osl\u00e1v svojho Syna&#8230;!\u201c<\/em><\/p>\n\n\n\n<p>Je\u017ei\u0161 tu hovor\u00ed o&nbsp;svojej vykupite\u013eskej smrti ako o osl\u00e1ven\u00ed. To je iste prekvapuj\u00faca re\u010d. A&nbsp;predsa je pravdou to, \u017ee sa pr\u00e1ve Jeho utrpen\u00edm a&nbsp;smr\u0165ou za\u010d\u00edna vlastne Jeho n\u00e1vrat do p\u00f4vodn\u00e9ho spolo\u010denstva a&nbsp;preb\u00fdvania, ktor\u00e9 opustil pre n\u00e1s, ktor\u00e9 v\u0161ak bolo od vekov. Iste ako prav\u00fd \u010dlovek naplno poci\u0165oval aj \u00fazkos\u0165, strach, pocit bezmocnosti a&nbsp;v\u0161etko, \u010do je aj na\u0161\u00edm \u013eudsk\u00fdm pocitom pri smrti. My nad hrobmi svojich drah\u00fdch iba bezmocne hovorievame: Ned\u00e1 sa ni\u010d robi\u0165! P\u00e1n Je\u017ei\u0161 toto v\u0161etko vie. Osobne v\u0161etku t\u00fa \u00fazkos\u0165 pre\u017eil a&nbsp;zak\u00fasil a&nbsp;preto n\u00e1m v\u0161etk\u00fdm dobre rozumie viac, ako ktoko\u013evek in\u00fd. Poznal, \u010do je tiese\u0148 smrti a&nbsp;hrozba z\u00e1hrobia, ke\u010f volal so \u017ealmistom: \u201e<em>Bo\u017ee m\u00f4j, Bo\u017ee m\u00f4j, pre\u010do si ma opustil ?&#8230;(\u017d 22, 1)<\/em><\/p>\n\n\n\n<p>My aj o&nbsp;tomto naj\u0165a\u017e\u0161om \u00faseku Jeho cesty m\u00e1me vedie\u0165 a&nbsp;pozna\u0165 cel\u00fa a&nbsp;pln\u00fa pravdu. M\u00e1me a&nbsp;smieme z\u00edska\u0165 o&nbsp;Jeho smrti pln\u00e9 poznanie. A Je\u017ei\u0161 o&nbsp;smrti na kr\u00ed\u017ei hovor\u00ed k Otcovi slovami: <em>\u201eOt\u010de, pri\u0161la hodina; osl\u00e1v svojho Syna, aby Syn osl\u00e1vil Teba\u201c. <\/em>Jeho kr\u00ed\u017e i&nbsp;smr\u0165 je teda Jeho i&nbsp;Otcov\u00fdm osl\u00e1ven\u00edm. To je to nov\u00e9, \u010do svet nevid\u00ed, ani nepozn\u00e1 a&nbsp;\u010do aj n\u00e1m, kres\u0165anom niekedy unik\u00e1. To s\u00fa tie Bo\u017eie cesty a&nbsp;my\u0161lienky. Priznajme si, bratia a&nbsp;sestry, \u017ee o&nbsp;tej hodine aj my \u010dasto zm\u00fd\u0161\u013eame len ako o&nbsp;hodine hanby a&nbsp;biedy. P\u00e1n n\u00e1m preto dovo\u013euje vidie\u0165 a&nbsp;po\u010du\u0165 slov\u00e1 z&nbsp;Jeho osobnej modlitby, aby sme mohli kr\u00ed\u017e vidie\u0165 spr\u00e1vne. Ako cestu k&nbsp;Jeho pov\u00fd\u0161eniu. Z&nbsp;tohto pov\u00fd\u0161enia plynie moc, v ktorej m\u00f4\u017ee da\u0165 \u013eu\u010fom to, \u010do Otec dal Jemu &#8211; toti\u017e ve\u010dn\u00fd \u017eivot.<\/p>\n\n\n\n<p>Svoj\u00edm kr\u00ed\u017eom a&nbsp;hodinou smrti sa st\u00e1va Je\u017ei\u0161 prav\u00fdm a&nbsp;skuto\u010dn\u00fdm Ve\u013ek\u0148azom a&nbsp;Jeho dobrovo\u013en\u00e1 smr\u0165 je s\u00fa\u010dasne dokonalou obe\u0165ou za hriechy sveta. Tak, ako On prijal cestu do sl\u00e1vy cez kr\u00ed\u017e, chce, aby sme cez Jeho kr\u00ed\u017e aj my \u201e<em>poznali jedin\u00e9ho prav\u00e9ho Boha a&nbsp;Toho, ktor\u00e9ho poslal Je\u017ei\u0161a Krista.\u201c <\/em>Pozna\u0165 a&nbsp;vidie\u0165 P\u00e1na Boha budem m\u00f4c\u0165 pozna\u0165 raz v&nbsp;dokonalom spolo\u010denstve Otca, Syna a&nbsp;Ducha Sv\u00e4t\u00e9ho v&nbsp;nebeskom kr\u00e1\u013eovstve.<\/p>\n\n\n\n<p>Bratia a&nbsp;sestry!<\/p>\n\n\n\n<p>Tak, ako Je\u017ei\u0161ovi Kristovi patr\u00ed plnos\u0165 sl\u00e1vy, patr\u00ed Mu aj plnos\u0165 moci. Pr\u00e1ve vtedy, ke\u010f zdanlivo nijak\u00fa moc nemal, ke\u010f sa vydal do r\u00fak nepriate\u013eov a&nbsp;mocn\u00fdch tohto sveta a&nbsp;ke\u010f mal vyzna\u0165: \u201e<em>duch je s\u00edce hotov\u00fd, ale telo mdl\u00e9<\/em>\u201c, hovor\u00ed a&nbsp;zvestuje pravdu o&nbsp;svojej moci. Nikto nem\u00e1 tak\u00fa moc, aby dal \u013eu\u010fom a&nbsp;svetu ve\u010dn\u00fd \u017eivot. Nikto nem\u00e1 tak\u00fa moc l\u00e1sky, aby dobrovo\u013ene a&nbsp;pritom bez hriechu zomrel za hrie\u0161nikov. P\u00e1n Je\u017ei\u0161 t\u00fa moc a&nbsp;silu mal a preto hovor\u00ed: \u201e <em>&#8230; dal si Mu moc nad v\u0161etk\u00fdmi \u013eu\u010fmi, aby im dal v\u0161etko, \u010do si Ty dal Jemu, toti\u017e ve\u010dn\u00fd \u017eivot\u201c. <\/em>Tento dar smieme prija\u0165 zadarmo, z&nbsp;milosti ,vierou. A&nbsp;to v\u0161etci &#8211; ako to dokazuje aj pr\u00edbeh kaj\u00faceho lotra na kr\u00ed\u017ei. Ka\u017ed\u00e9mu skuto\u010dn\u00e9mu kaj\u00facnikovi plat\u00ed P\u00e1novo slovo: <em>\u201eBude\u0161 so mnou v&nbsp;raji\u201c.<\/em><\/p>\n\n\n\n<p>Vo svojej modlitbe P\u00e1n Je\u017ei\u0161 \u010falej <em>hovor\u00ed: \u201eJa som \u0164a\u00a0osl\u00e1vil na zemi, ke\u010f som dokonal dielo, ktor\u00e9 si mi dal kona\u0165,- teraz Ot\u010de osl\u00e1v ma Ty u\u00a0seba sl\u00e1vou, ktor\u00fa som mal u\u00a0Teba sk\u00f4r, ako svet povstal\u201c. <\/em>To, \u010do na po\u010diatku ako ve\u013emi dobr\u00e9 a\u00a0kr\u00e1sne pripravil pre \u013eud\u00ed Otec Stvorite\u013e a\u00a0\u010do \u010dlovek hriechom stratil, to Je\u017ei\u0161 svoj\u00edm dielom op\u00e4\u0165 prinavracia hrie\u0161nemu svetu. Tak\u00e1to v\u00fdmena hodn\u00f4t je i n\u00e1m pon\u00fakan\u00e1 skrze Je\u017ei\u0161a Krista dnes nanovo. V\u00a0Jeho dokonanom diele, v\u00a0ktorom sa dok\u00e1zal mocn\u00fd a sl\u00e1vny, je dar dokonalej l\u00e1sky k n\u00e1m. On je darcom \u017eivota ve\u010dn\u00e9ho n\u00e1m, bezmocn\u00fdm a\u00a0v\u00a0moci smrti sa nach\u00e1dzaj\u00facim \u013eu\u010fom. Preto je Jeho cesta a\u00a0dielo tak predivn\u00e9 a\u00a0prevy\u0161uj\u00face na\u0161e cesty a konanie.<\/p>\n\n\n\n<p>\u010eakujme dnes, \u017ee n\u00e1m P\u00e1n Je\u017ei\u0161 dovo\u013euje po\u010du\u0165 slov\u00e1 Jeho modlitby, ktor\u00fdmi sa modlil zo\u010di-vo\u010di kr\u00ed\u017eu, ale i&nbsp;za to, \u017ee sa modl\u00ed k&nbsp;Otcovi za n\u00e1s&nbsp;st\u00e1le, <em>vzdychan\u00edm nevyslovite\u013en\u00fdm.<\/em> Hoci je Kr\u00e1\u013eom pokory, je mocn\u00fd v&nbsp;dare l\u00e1sky. Preto&nbsp;je hoden aj na\u0161ej st\u00e1lej a&nbsp;trvalej oslavy. Prijatie pocty v&nbsp;Jeruzaleme je predobrazom tej pocty a&nbsp;sl\u00e1vy, ktor\u00e1 Mu patr\u00ed na veky vekov. Pripojme svoje hlasn\u00e9 a&nbsp;rozhodn\u00e9 \u201eHosana\u201c k&nbsp;hlasom t\u00fdch, ktor\u00ed poznaj\u00fa Jeho sl\u00e1vu a&nbsp;moc tu v&nbsp;\u010dasnosti i&nbsp;k&nbsp;t\u00fdm, ktor\u00ed ju poznaj\u00fa u\u017e dnes v&nbsp;sl\u00e1ve neba. Amen<\/p>\n\n\n\n<p>Kvetn\u00e1 nede\u013ea \u2013 Soboti\u0161te 95 \u2013 \u013dubom\u00edr Batka st.<\/p>\n","protected":false},"excerpt":{"rendered":"<p>&nbsp;&nbsp;&nbsp;&nbsp;&nbsp;&nbsp;&nbsp;&nbsp; &nbsp;&nbsp; &nbsp;&nbsp;&nbsp; Je\u017ei\u0161ovi patr\u00ed: Hosana!&nbsp;&nbsp;&nbsp;&nbsp;&nbsp;&nbsp;&nbsp;&nbsp;&nbsp;&nbsp;&nbsp;&nbsp;&nbsp;&nbsp;&nbsp;&nbsp;&nbsp;&nbsp;&nbsp;&nbsp;&nbsp;&nbsp;&nbsp;&nbsp;&nbsp;&nbsp;&nbsp;&nbsp;&nbsp;&nbsp;&nbsp;&nbsp;&nbsp;&nbsp;&nbsp;&nbsp;&nbsp;&nbsp;&nbsp;&nbsp;&nbsp;&nbsp;&nbsp;&nbsp;&nbsp;&nbsp;&nbsp;&nbsp;&nbsp;&nbsp;&nbsp;&nbsp;&nbsp;&nbsp;&nbsp;&nbsp; J\u00e1n 17, 1-5: \u201eKe\u010f to Je\u017ei\u0161 povedal, pozdvihol o\u010di k&nbsp;nebu a&nbsp;hovoril: Ot\u010de, pri\u0161la hodina; osl\u00e1v svojho Syna, aby Syn osl\u00e1vil Teba, (2) ako si Mu dal moc nad v\u0161etk\u00fdmi \u013eu\u010fmi, aby im dal v\u0161etko, \u010do si Ty dal jemu, toti\u017e ve\u010dn\u00fd \u017eivot. (3) A&nbsp;to je ve\u010dn\u00fd \u017eivot, aby poznali &#8230; <a title=\"Je\u017ei\u0161ovi patr\u00ed: Hosana!\" class=\"read-more\" href=\"https:\/\/www.e-anjelik.sk\/index.php\/2015\/04\/05\/jezisovi-patri-hosana\/\" aria-label=\"Pre\u010d\u00edtajte si viac o Je\u017ei\u0161ovi patr\u00ed: Hosana!\">\u010c\u00edta\u0165 viac<\/a><\/p>\n","protected":false},"author":4,"featured_media":0,"comment_status":"open","ping_status":"open","sticky":false,"template":"","format":"standard","meta":{"footnotes":""},"categories":[95,77],"tags":[],"class_list":["post-28420","post","type-post","status-publish","format-standard","hentry","category-sobotiste","category-velka-noc"],"_links":{"self":[{"href":"https:\/\/www.e-anjelik.sk\/index.php\/wp-json\/wp\/v2\/posts\/28420","targetHints":{"allow":["GET"]}}],"collection":[{"href":"https:\/\/www.e-anjelik.sk\/index.php\/wp-json\/wp\/v2\/posts"}],"about":[{"href":"https:\/\/www.e-anjelik.sk\/index.php\/wp-json\/wp\/v2\/types\/post"}],"author":[{"embeddable":true,"href":"https:\/\/www.e-anjelik.sk\/index.php\/wp-json\/wp\/v2\/users\/4"}],"replies":[{"embeddable":true,"href":"https:\/\/www.e-anjelik.sk\/index.php\/wp-json\/wp\/v2\/comments?post=28420"}],"version-history":[{"count":3,"href":"https:\/\/www.e-anjelik.sk\/index.php\/wp-json\/wp\/v2\/posts\/28420\/revisions"}],"predecessor-version":[{"id":38317,"href":"https:\/\/www.e-anjelik.sk\/index.php\/wp-json\/wp\/v2\/posts\/28420\/revisions\/38317"}],"wp:attachment":[{"href":"https:\/\/www.e-anjelik.sk\/index.php\/wp-json\/wp\/v2\/media?parent=28420"}],"wp:term":[{"taxonomy":"category","embeddable":true,"href":"https:\/\/www.e-anjelik.sk\/index.php\/wp-json\/wp\/v2\/categories?post=28420"},{"taxonomy":"post_tag","embeddable":true,"href":"https:\/\/www.e-anjelik.sk\/index.php\/wp-json\/wp\/v2\/tags?post=28420"}],"curies":[{"name":"wp","href":"https:\/\/api.w.org\/{rel}","templated":true}]}}