{"id":28433,"date":"2015-04-06T18:45:05","date_gmt":"2015-04-06T16:45:05","guid":{"rendered":"http:\/\/www.evanjelik.sk\/?p=28433"},"modified":"2025-08-15T16:26:30","modified_gmt":"2025-08-15T14:26:30","slug":"2-slavnost-velkonocna","status":"publish","type":"post","link":"https:\/\/www.e-anjelik.sk\/index.php\/2015\/04\/06\/2-slavnost-velkonocna\/","title":{"rendered":"2. sl\u00e1vnos\u0165 ve\u013ekono\u010dn\u00e1"},"content":{"rendered":"\n<p>T\u00fa vieru \u010dist\u00fa &#8211; nalej v&nbsp;n\u00e1s, vzkriesen\u00fd Kriste, Mesi\u00e1\u0161.<\/p>\n\n\n\n<p>Nech ver\u00edme, \u017ee vstali si, vstal,<\/p>\n\n\n\n<p>Abys\u00b4 n\u00e1m \u017eivot zachoval! Amen (MR)<\/p>\n\n\n\n<p><strong>J\u00e1n 20,11-18:<\/strong><\/p>\n\n\n\n<p><em>\u201eM\u00e1ria v\u0161ak st\u00e1la von pri hrobe a&nbsp;plakala. Ako tak plakala, nahla sa do hrobu (12) a&nbsp;na mieste, kde le\u017ealo telo Je\u017ei\u0161ovi, videla sedie\u0165 dvoch anjelov v&nbsp;bielom r\u00fachu, jedn\u00e9ho pri hlave a&nbsp;druh\u00e9ho pri noh\u00e1ch.(13) T\u00edto jej povedali: \u017dena, \u010do pla\u010de\u0161? Odpovedala im: Vzali mi P\u00e1na a&nbsp;neviem, kam Ho polo\u017eili. (14) Ako to povedala, obr\u00e1tila sa a&nbsp;videla Je\u017ei\u0161a st\u00e1\u0165, ale nevedela, \u017ee je to Je\u017ei\u0161. (15) I&nbsp;riekol jej Je\u017ei\u0161: \u017dena, \u010do pla\u010de\u0161? Koho h\u013ead\u00e1\u0161? Ona si myslela, \u017ee je to z\u00e1hradn\u00edk, a&nbsp;povedala Mu: Pane, ak si ty odniesol, povedz mi, kam si ho polo\u017eil, a ja si Ho odnesiem. (16) Je\u017ei\u0161 ju oslovil: M\u00e1ria! Ona sa obr\u00e1tila a&nbsp;povedala Mu po hebrejsk\u00fd: Rabb\u00fan\u00ed! \/to znamen\u00e1 Majstre!\/ (17) Je\u017ei\u0161 jej riekol: Nedot\u00fdkaj sa ma, lebo som e\u0161te nevst\u00fapil k&nbsp;Otcovi, ale cho\u010f k&nbsp;mojim bratom a&nbsp;povedz im: Vstupujem k&nbsp;svojmu Otcovi a&nbsp;k&nbsp;v\u00e1\u0161mu Otcovi, k&nbsp;svojmu Bohu a&nbsp;k&nbsp;v\u00e1\u0161mu Bohu. (18) A&nbsp;M\u00e1ria Magdal\u00e9na \u0161la a&nbsp;zvestovala u\u010den\u00edkom, \u017ee videla P\u00e1na a&nbsp;\u017ee jej to povedal.\u201c Amen<\/em><\/p>\n\n\n\n<p>Bohumil\u00ed kres\u0165ania, bratia a&nbsp;sestry v&nbsp;Kristu, P\u00e1novi!<\/p>\n\n\n\n<p>Existuje poviedka, ktor\u00e1 m\u00e1 n\u00e1zov: Modern\u00fd \u010dlovek. Ve\u013emi v\u00fdsti\u017ene predstavuje tragiku dne\u0161n\u00e9ho modern\u00e9ho \u010dloveka. Jej obsah je v\u00a0stru\u010dnosti tak\u00fdto: Dvaja bedu\u00edni na\u0161li len p\u00e1r metrov od o\u00e1zy v\u00a0ktorej bola stud\u0148a, telo m\u0155tveho \u010dloveka. Zomrel vysilen\u00fd a\u00a0vysm\u00e4dnut\u00fd. \u201eAko je mo\u017en\u00e9, \u017ee tento \u010dlovek zomrel, ke\u010f mal tak bl\u00edzko \u2013 na dosah ruky vodu a tak mo\u017enos\u0165 z\u00e1chrany?\u201c- Druh\u00fd mu odpovedal: bol to modern\u00fd \u010dlovek. On si myslel, \u017ee to, \u010do vid\u00ed pred sebou nie je skuto\u010dnos\u0165, ale fatamorg\u00e1na.\u201c (Prelud)<\/p>\n\n\n\n<p>Ve\u013ek\u00e1 noc je ve\u013ekou previerkou na\u0161ej viery. Sme tu priamo pri centr\u00e1lnom bode na\u0161ej kres\u0165anskej viery a\u00a0n\u00e1deje. Je pred nami ako o\u00e1za pokoja, radosti a \u017eivota a\u00a0v nej \u00a0vzkriesen\u00fd Je\u017ei\u0161, ktor\u00fd n\u00e1m pon\u00faka to, \u010do pon\u00fakol napr. \u017eene Samarit\u00e1nke pri J\u00e1kobovej studni. <em>\u201eVoda, ktor\u00fa mu ja d\u00e1m , bude v\u00a0\u0148om prame\u0148om vody, pr\u00fadiacej k\u00a0ve\u010dn\u00e9mu \u017eivotu\u201c. (J 4, 14) <\/em><\/p>\n\n\n\n<p><em>\u00a0\u00a0\u00a0\u00a0 <\/em>A predsa, ko\u013ek\u00ed sa ost\u00fdchaj\u00fa do tejto o\u00e1zy vst\u00fapi\u0165? Ko\u013ek\u00ed ve\u013ekono\u010dn\u00e9 evanjelium pova\u017euj\u00fa iba za ak\u00fasi fatamorg\u00e1nu, za ak\u00e9si zdanie, ale nie za skuto\u010dnos\u0165?<\/p>\n\n\n\n<p>Iste, naplno prija\u0165 tento Bo\u017e\u00ed skutok a\u00a0\u010din, naplno uveri\u0165, nie je nie\u010do samozrejm\u00e9 a\u00a0prirodzen\u00e9. Tu mus\u00edme v\u017edy nanovo s\u00a0na\u0161\u00edm otcom M.Lutherom poveda\u0165 a vyzna\u0165 slovami Mal\u00e9ho katechizmu<em>: \u201eVer\u00edm, \u017ee ja zo svojho rozumu a\u00a0z\u00a0vlastnej sily nem\u00f4\u017eem v\u00a0Je\u017ei\u0161a Krista, m\u00f4jho P\u00e1na veri\u0165, ani k\u00a0Nemu pr\u00eds\u0165, ale \u017ee ma Duch Sv\u00e4t\u00fd evanjeliom povolal, svojimi darmi osvietil, v\u00a0pravej viere posv\u00e4til a\u00a0zachoval&#8230;\u201c <\/em>(Vysvetlenie 3. \u010dl. Kr\u00e9da) Toto poznanie plat\u00ed nielen o\u00a0samotnom Lutherovi, ale o\u00a0ka\u017edom \u00faprimne veriacom. Preto mus\u00edme poveda\u0165, \u017ee nielen modern\u00fd \u010dlovek je ned\u00f4ver\u010div\u00fd, alebo malovern\u00fd, ale tak\u00ed \u013eudia boli v\u00a0ka\u017edej dobe. Tak\u00ed boli aj emausk\u00ed u\u010den\u00edci, o\u00a0ktor\u00fdch sme po\u010duli z\u00a0dne\u0161n\u00e9ho Luk\u00e1\u0161ovho evanjelia. Aj im\u00a0P\u00e1n Je\u017ei\u0161 musel adresova\u0165 v\u00fd\u010ditku: <em>\u201e\u00d3, nerozumn\u00ed a\u00a0leniv\u00ed srdcom veri\u0165 v\u0161etko, \u010do hovorili proroci\u201c. (Lk 24, 25) <\/em><\/p>\n\n\n\n<p><em>\u00a0\u00a0\u00a0\u00a0 <\/em>Ale nesta\u010d\u00ed slov\u00e1 prorokov po\u010du\u0165 a\u00a0pozna\u0165. D\u00f4le\u017eit\u00e9 je im veri\u0165 ako slov\u00e1m Bo\u017e\u00edm. To, \u010do hovorili proroci SZ, to boli slov\u00e1 in\u0161pirovan\u00e9 Duchom Bo\u017e\u00edm<em>. \u201eLebo nikdy z\u00a0\u013eudskej v\u00f4le nepovstalo proroctvo, ale Duchom Sv\u00e4t\u00fdm veden\u00ed, hovorili sv\u00e4t\u00ed \u013eudia Bo\u017e\u00ed<\/em>\u201c- pripom\u00edna n\u00e1m slovo apo\u0161tola Petra. (2Pt 1, 21) A\u00a0okrem toho st\u00e1le plat\u00ed :\u201e&#8230;<em>\u017ee ani jedno proroctvo neprip\u00fa\u0161\u0165a samovo\u013en\u00fd v\u00fdklad\u201c.(v.20)<\/em><\/p>\n\n\n\n<p>Preto si uvedomujeme, \u017ee aj vtedy, po udalostiach Ve\u013ek\u00e9ho Piatku a\u00a0pri n\u00e1v\u0161teve hrobu, v ktorom bol pochovan\u00fd Je\u017ei\u0161, to nemali zbo\u017en\u00e9 \u017eeny, alebo u\u010den\u00edci jednoduch\u00e9. Za skupinu \u017eien, ktor\u00e9 mali rady Je\u017ei\u0161a a\u00a0pova\u017eovali Ho svojho U\u010dite\u013ea, povedal M\u00e1ria Magdal\u00e9na u\u010den\u00edkom: \u201e<em>Vzali P\u00e1na z\u00a0hrobu a\u00a0nevieme, kde Ho polo\u017eili. (J 20, 2<\/em>) Podobn\u00e9 pocity mali aj u\u010den\u00edci Peter a\u00a0J\u00e1n, ktor\u00ed pr\u00e1zdny hrob a\u00a0zmiznutie P\u00e1novho tela pova\u017eovali sk\u00f4r za Jeho posmrtn\u00e9 zneuctenie ako Jeho osl\u00e1venie. Akoby zabudli na Bo\u017eiu moc; viac mysleli na vykr\u00e1da\u010dov hrobov.<\/p>\n\n\n\n<p>Obrazom bezmocnosti, ne\u0161\u0165astia a\u00a0malovernosti je najm\u00e4 M\u00e1ria Magdal\u00e9na. <em>\u201eM\u00e1ria v\u0161ak st\u00e1la von pri hrobe a\u00a0plakala\u201c<\/em>. (v. 11) Pla\u010d- to bolo v\u0161etko, na \u010do sa vtedy zmohla. Jej t\u00fa\u017eba a\u00a0snaha &#8211; pomaza\u0165 m\u0155tve telo Je\u017ei\u0161ovo vy\u0161la navnivo\u010d. Nak\u00fapen\u00e9 vonn\u00e9 veci boli zbyto\u010dn\u00e9, slu\u017eba m\u0155tvemu bola prekazen\u00e1.<\/p>\n\n\n\n<p>Vtedy z\u00a0miesta, kde le\u017eal predt\u00fdm Je\u017ei\u0161 jej zaznel hlas anjela:<em> \u201e\u017dena , \u010do pla\u010de\u0161<\/em>?\u201c Nemala d\u00f4vod k\u00a0pla\u010du, ale ona o\u00a0tom vtedy e\u0161te nevedela. Preto opakuje svoje presved\u010denie: \u201e<em>Vzali mi P\u00e1na a\u00a0neviem, kam ho polo\u017eili<\/em>\u201c.<\/p>\n\n\n\n<p>Pre slzy nevidela skuto\u010dnos\u0165, pre boles\u0165 v&nbsp;srdci nevn\u00edmala realitu. Nech\u00e1pe, \u017ee opak je pravdou. P\u00e1na Je\u017ei\u0161a jej nikto nevzal. Pravdou je, \u017ee skuto\u010dn\u00e9ho P\u00e1na dostala. A&nbsp;nielen ona, ale cel\u00fd svet. P\u00e1na nad \u017eivotom a smr\u0165ou. P\u00e1na, ktor\u00e9mu je dan\u00e1 v\u0161etka moc&#8230;P\u00e1na, ktor\u00fd u\u017e predt\u00fdm vzt\u00fd\u010dil z\u00e1stavu v\u00ed\u0165azstva \u017eivota aj v&nbsp;r\u00ed\u0161i zosnul\u00fdch.&nbsp;(Zost\u00fapil do pekiel&#8230;)<\/p>\n\n\n\n<p>Evanjelista J\u00e1n, ke\u010f nesk\u00f4r p\u00edsal o\u00a0tejto udalosti, poznamenal, \u017ee M\u00e1ria zrazu zac\u00edtila zvl\u00e1\u0161tny poh\u013ead o\u010d\u00ed, ktor\u00e9 sa na \u0148u pozerali a\u00a0ona sa r\u00fdchlo oto\u010dila. Vtedy videla Je\u017ei\u0161a st\u00e1\u0165 &#8211; ale nevedela, \u017ee je to Je\u017ei\u0161. Vo svojej duchovnej slepote si myslela, \u017ee je to z\u00e1hradn\u00edk. A\u00a0Je\u017ei\u0161 jej znova kladie t\u00fa ist\u00fa ot\u00e1zku ako Bo\u017e\u00ed posol: <em>\u201e\u010co pla\u010de\u0161? Koho h\u013ead\u00e1\u0161?\u201c. <\/em><\/p>\n\n\n\n<p>&#8211; Je to hlbok\u00e1 a&nbsp;\u010falekosiahla ot\u00e1zka: Koho h\u013ead\u00e1\u0161? H\u013eadala skuto\u010dne Syna Bo\u017eieho, alebo iba mil\u00e9ho, m\u00fadreho \u010dloveka, ktor\u00fd pre svoje u\u010denie ukon\u010dil svoj \u017eivot v&nbsp;hlbokom zavrhnut\u00ed a&nbsp;pon\u00ed\u017een\u00ed? Aj my sa mus\u00edme p\u00fdta\u0165, ke\u010f sa stret\u00e1me s&nbsp;Je\u017ei\u0161ov\u00fdm u\u010den\u00edm, alebo s&nbsp;Jeho osobnos\u0165ou: Koho h\u013ead\u00e1me a&nbsp;koho vid\u00edme v&nbsp;osobe Je\u017ei\u0161a? Syna tes\u00e1ra z&nbsp;Nazaretu, u\u010dite\u013ea mravnosti, alebo&nbsp;n\u00e1bo\u017eenstva?<\/p>\n\n\n\n<p>H\u013ead\u00e1me v&nbsp;tom prvom dni po sobote a&nbsp;vo v\u0161etk\u00fdch ostatn\u00fdch nedeliach m\u0155tveho Je\u017ei\u0161a, ktor\u00e9ho pamiatku si chceme ucti\u0165 raz kvetmi, inokedy spomienkami, alebo nejakou inou slu\u017ebi\u010dkou \u2013 alebo h\u013ead\u00e1me Toho, ktor\u00fd n\u00e1m s\u00e1m chce a m\u00f4\u017ee z\u00e1sadne a bytostne sl\u00fa\u017ei\u0165? <em>\u201eLebo Syn \u010dloveka nepri\u0161iel preto, aby Jemu sl\u00fa\u017eili, ale aby On sl\u00fa\u017eil a&nbsp;dal \u017eivot ako v\u00fdkupn\u00e9 za mnoh\u00fdch\u201c<\/em><\/p>\n\n\n\n<p>Jeho \u010fal\u0161ia ot\u00e1zka je iste pln\u00e1 l\u00e1sky, s\u00facitu a&nbsp;snahy pom\u00f4c\u0165 tejto \u017eene k&nbsp;spr\u00e1vnemu poznaniu a&nbsp;videniu Je\u017ei\u0161a ako vzkriesen\u00e9ho Mesi\u00e1\u0161a, Spasite\u013ea. P\u00e1n sa jej prihov\u00e1ra celkom osobne a vol\u00e1 ju po mene, tak, ako to urobil u\u017e mnohokr\u00e1t predt\u00fdm! Oslovuje ju l\u00e1skavo: M\u00e1ria!<\/p>\n\n\n\n<p>Bratia a&nbsp;sestry!<\/p>\n\n\n\n<p>Aj n\u00e1s v\u0161etk\u00fdch P\u00e1n Je\u017ei\u0161 pozn\u00e1 ve\u013emi dobre. Pozn\u00e1 n\u00e1s po mene a\u00a0pova\u017euje n\u00e1s za svoje ove\u010dky od chv\u00edle Krstu sv\u00e4t\u00e9ho. Prorok Izai\u00e1\u0161 spom\u00edna, \u017ee u\u017e \u013eud SZ oslovil l\u00e1skavo P\u00e1n Boh, ke\u010f mu riekol<em>: \u201eNeboj sa, lebo som \u0165a vyk\u00fapil, povolal som \u0165a tvoj\u00edm menom; m\u00f4j si ty\u201c. (Iz 43, 1) <\/em>V Krste sv\u00e4tom n\u00e1s osobne povolal a\u00a0pozval k\u00a0prav\u00e9mu a\u00a0spr\u00e1vnemu poznaniu Jeho milosti a\u00a0l\u00e1sky. On \u017eiv\u00fd P\u00e1n chce v\u017edy sl\u00fa\u017ei\u0165 n\u00e1m, m\u0155tvym v\u00a0hriechoch a\u00a0v prest\u00fapeniach, alebo aj m\u0155tvym v\u00a0nevere, \u010di v\u00a0pochybnostiach o\u00a0Jeho plnom a\u00a0pravom \u017eivote. Pr\u00e1ve neveru vy\u010d\u00edtal v\u017edy aj svoj\u00edm u\u010den\u00edkom, aj Petrovi, ktor\u00e9mu riekol: <em>\u201e\u00d3, malej viery, pre\u010do si pochyboval\u201c? (Mt 14, 21 b) <\/em><\/p>\n\n\n\n<p>Zm\u0155tvychvstanie P\u00e1na Je\u017ei\u0161a znamenalo a\u00a0znamen\u00e1, \u017ee sa men\u00ed z\u00e1sadn\u00fdm sp\u00f4sobom vz\u0165ah \u010dloveka a\u00a0pr\u00edstup \u010dloveka k\u00a0Nemu ako V\u00ed\u0165azovi nad smr\u0165ou a\u00a0Bo\u017eiemu Synovi, Spasite\u013eovi. M\u00e1ria Magdal\u00e9na, osloven\u00e1 P\u00e1nom, e\u0161te chv\u00ed\u013eu zostala v\u00a0zajat\u00ed svojich predch\u00e1dzaj\u00facich predst\u00e1v. P\u00e1na Je\u017ei\u0161a oslovuje: \u201e<em>Rabb\u00fan\u00ed&#8220; &#8211;<\/em> toti\u017e majster, \u010di\u017ee u\u010dite\u013e. Chce Je\u017ei\u0161a obja\u0165 a\u00a0prejavi\u0165 Mu svoju l\u00e1sku. V\u00a0jej srdci v\u0161ak postupne sm\u00fatok mizne a\u00a0rod\u00ed sa prav\u00e1 ve\u013ekono\u010dn\u00e1 rados\u0165 a\u00a0n\u00e1dej.<\/p>\n\n\n\n<p>Bratia a&nbsp;sestry v&nbsp;P\u00e1novi!<\/p>\n\n\n\n<p>K&nbsp;tejto radostnej n\u00e1deji chce P\u00e1n Je\u017ei\u0161 privies\u0165 i&nbsp;n\u00e1s v\u0161etk\u00fdm. Z\u00e1rove\u0148 v\u0161ak u\u010d\u00ed M\u00e1riu a&nbsp;chce u\u010di\u0165 v\u0161etk\u00fdch svojich &#8211; \u017ee Jeho vzkriesen\u00edm za\u010d\u00edna aj Jeho n\u00e1vrat k&nbsp;Otcovi, n\u00e1vrat do sl\u00e1vy neba. On vykonal a&nbsp;dokonal dielo sp\u00e1sy a&nbsp;pon\u00faka Ho n\u00e1m. Jeho vzkriesenie , ako prejav Bo\u017eej moci je nie\u010d\u00edm \u00faplne nov\u00fdm v&nbsp;dejin\u00e1ch sveta. On je prvotina vzkriesen\u00fdch. Vzkriesenie je nov\u00e9 stvorite\u013esk\u00e9 dielo, ktor\u00e9 prevy\u0161uje to prvotn\u00e9 stvorenie. Je\u017ei\u0161a u\u017e nemo\u017eno preto obja\u0165, uchopi\u0165, alebo sa ho ak\u00fdmko\u013evek sp\u00f4sobom zmocni\u0165. Vstal v&nbsp;novom osl\u00e1venom tele a&nbsp;medzi N\u00edm a nami, ktor\u00ed \u017eijeme v&nbsp;starom tele je odstup. Preto hovor\u00ed M\u00e1rii :<em> \u201eNedot\u00fdkaj sa ma, lebo som e\u0161te nevst\u00fapil k&nbsp;Otcovi\u201c.<\/em><\/p>\n\n\n\n<p>My \u00a0sa\u00a0s Je\u017ei\u0161om m\u00f4\u017eeme stretn\u00fa\u0165 a\u00a0by\u0165 s\u00a0N\u00edm v\u017edy len tak, ako chce On. V Jeho slove, alebo telesne vo sviatosti Jeho sv\u00e4tej Ve\u010dere. V\u00a0chlebe a\u00a0v\u00edne, o\u00a0ktorom hovor\u00ed: toto je moje telo&#8230;toto je krv novej zmluvy. Ak pr\u00edjme Jeho oslovenie a\u00a0Jeho slu\u017ebu, pomoc a\u00a0milos\u0165 tu \u010dasne- m\u00e1me n\u00e1dej, \u017ee Ho raz uvid\u00edme a\u00a0budeme s\u00a0N\u00edm v\u00a0sl\u00e1ve, spolu so v\u0161etk\u00fdmi vern\u00fdmi.<\/p>\n\n\n\n<p>Vzkriesenie Je\u017ei\u0161a n\u00e1m prin\u00e1\u0161a dar nov\u00e9ho a\u00a0ve\u010dn\u00e9ho \u017eivota a\u00a0slu\u017ebu Z\u00e1chrancu. Ono znamen\u00e1 napokon aj pozvanie k\u00a0pravej slu\u017ebe. T\u00e1 spo\u010d\u00edva v\u00a0prin\u00e1\u0161an\u00ed zvesti o\u00a0\u0147om ako \u017eivom a\u00a0vzkriesenom P\u00e1novi t\u00fdm, ktor\u00ed to e\u0161te nevedia, alebo sa s N\u00edm v\u00a0Jeho slove e\u0161te nestretli. P\u00e1n hovor\u00ed aj M\u00e1rii: <em>\u201eCho\u010f k\u00a0mojim bratom a\u00a0povedz im: Vstupujem k\u00a0svojmu Otcovi a\u00a0v\u00e1\u0161mu Otcovi\u201c.<\/em><\/p>\n\n\n\n<p>Aj tu op\u00e4\u0165 Kristus P\u00e1n preukazuje svojim l\u00e1sku a milos\u0165. Menuje u\u010den\u00edkov svojim bratmi a&nbsp;synmi svojho nebesk\u00e9ho Otca. To je ve\u013ek\u00e9 povzbudenie aj pre n\u00e1s! Potom na Jeho slu\u017ebu m\u00f4\u017eeme odpoveda\u0165 na\u0161ou spr\u00e1vnou slu\u017ebou. Lebo m\u0155tvemu Je\u017ei\u0161ovi sa sl\u00fa\u017ei\u0165 ned\u00e1 &#8211; je v\u0161ak mo\u017en\u00e9 sl\u00fa\u017ei\u0165 Mu ako \u017eiv\u00e9mu P\u00e1novi.<\/p>\n\n\n\n<p>V\u00a0\u010dom spo\u010d\u00edva tak\u00e1to slu\u017eba? \u2013 Spo\u010d\u00edva v\u00a0zvestovan\u00ed milosti, radosti a\u00a0n\u00e1deje v\u0161etk\u00fdm, ktor\u00ed tieto hodnoty h\u013eadaj\u00fa a\u00a0potrebuj\u00fa. N\u00e1jdeme ich v\u017edy v Tom, ktor\u00fd sa stal a\u00a0zost\u00e1va na\u0161\u00edm bratom a\u00a0obnovite\u013eom n\u00e1\u0161ho synovstva vo vz\u0165ahu k\u00a0nebesk\u00e9mu Otcovi. Tento vz\u0165ah je d\u00f4le\u017eit\u00fd preto, aby sme Otcom skrze Syna boli raz prijat\u00ed do nebesk\u00fdch stanov. Bez Je\u017ei\u0161a, ako Pomocn\u00edka a\u00a0dobr\u00e9ho Pastiera k\u00a0Bohu nemo\u017eno pr\u00eds\u0165. S\u00a0N\u00edm v\u0161ak m\u00e1me n\u00e1dej ve\u010dn\u00e9ho blahoslavenstva. V\u010faka Bohu za tento skutok pre n\u00e1s a\u00a0pre cel\u00fd svet.<\/p>\n\n\n\n<p>Kie\u017e toto posolstvo od Kristovho otvoren\u00e9ho hrobu nach\u00e1dza odozvu aj v&nbsp;na\u0161ich srdciach , ako aj v&nbsp;srdciach t\u00fdch, ktor\u00fdch m\u00e1me radi a&nbsp;ktor\u00fdch m\u00f4\u017eeme poz\u00fdva\u0165 do spolo\u010denstva s&nbsp;N\u00edm tu v \u010dasnosti, i&nbsp;vo ve\u010dnosti. Amen<\/p>\n\n\n\n<p>&nbsp;<\/p>\n\n\n\n<p>2. sl\u00e1vnos\u0165 ve\u013ekono\u010dn\u00e1\u00a0\u00a0 &#8211; \u013dubom\u00edr Batka st.<\/p>\n","protected":false},"excerpt":{"rendered":"<p>T\u00fa vieru \u010dist\u00fa &#8211; nalej v&nbsp;n\u00e1s, vzkriesen\u00fd Kriste, Mesi\u00e1\u0161. Nech ver\u00edme, \u017ee vstali si, vstal, Abys\u00b4 n\u00e1m \u017eivot zachoval! Amen (MR) J\u00e1n 20,11-18: \u201eM\u00e1ria v\u0161ak st\u00e1la von pri hrobe a&nbsp;plakala. Ako tak plakala, nahla sa do hrobu (12) a&nbsp;na mieste, kde le\u017ealo telo Je\u017ei\u0161ovi, videla sedie\u0165 dvoch anjelov v&nbsp;bielom r\u00fachu, jedn\u00e9ho pri hlave a&nbsp;druh\u00e9ho pri &#8230; <a title=\"2. sl\u00e1vnos\u0165 ve\u013ekono\u010dn\u00e1\" class=\"read-more\" href=\"https:\/\/www.e-anjelik.sk\/index.php\/2015\/04\/06\/2-slavnost-velkonocna\/\" aria-label=\"Pre\u010d\u00edtajte si viac o 2. sl\u00e1vnos\u0165 ve\u013ekono\u010dn\u00e1\">\u010c\u00edta\u0165 viac<\/a><\/p>\n","protected":false},"author":4,"featured_media":0,"comment_status":"open","ping_status":"open","sticky":false,"template":"","format":"standard","meta":{"footnotes":""},"categories":[1,121,158,77],"tags":[],"class_list":["post-28433","post","type-post","status-publish","format-standard","hentry","category-adventna-modlitba","category-kazne","category-senica","category-velka-noc"],"_links":{"self":[{"href":"https:\/\/www.e-anjelik.sk\/index.php\/wp-json\/wp\/v2\/posts\/28433","targetHints":{"allow":["GET"]}}],"collection":[{"href":"https:\/\/www.e-anjelik.sk\/index.php\/wp-json\/wp\/v2\/posts"}],"about":[{"href":"https:\/\/www.e-anjelik.sk\/index.php\/wp-json\/wp\/v2\/types\/post"}],"author":[{"embeddable":true,"href":"https:\/\/www.e-anjelik.sk\/index.php\/wp-json\/wp\/v2\/users\/4"}],"replies":[{"embeddable":true,"href":"https:\/\/www.e-anjelik.sk\/index.php\/wp-json\/wp\/v2\/comments?post=28433"}],"version-history":[{"count":1,"href":"https:\/\/www.e-anjelik.sk\/index.php\/wp-json\/wp\/v2\/posts\/28433\/revisions"}],"predecessor-version":[{"id":38315,"href":"https:\/\/www.e-anjelik.sk\/index.php\/wp-json\/wp\/v2\/posts\/28433\/revisions\/38315"}],"wp:attachment":[{"href":"https:\/\/www.e-anjelik.sk\/index.php\/wp-json\/wp\/v2\/media?parent=28433"}],"wp:term":[{"taxonomy":"category","embeddable":true,"href":"https:\/\/www.e-anjelik.sk\/index.php\/wp-json\/wp\/v2\/categories?post=28433"},{"taxonomy":"post_tag","embeddable":true,"href":"https:\/\/www.e-anjelik.sk\/index.php\/wp-json\/wp\/v2\/tags?post=28433"}],"curies":[{"name":"wp","href":"https:\/\/api.w.org\/{rel}","templated":true}]}}