{"id":28464,"date":"2015-05-03T06:40:59","date_gmt":"2015-05-03T04:40:59","guid":{"rendered":"http:\/\/www.evanjelik.sk\/?p=28464"},"modified":"2015-05-03T06:40:59","modified_gmt":"2015-05-03T04:40:59","slug":"pozvanka-do-dziegielowa-polsko","status":"publish","type":"post","link":"https:\/\/www.e-anjelik.sk\/index.php\/2015\/05\/03\/pozvanka-do-dziegielowa-polsko\/","title":{"rendered":"Pozv\u00e1nka do Dziegielowa, Po\u013esko"},"content":{"rendered":"<p>Centrum evanjeliz\u00e1cie a misie Evanjelicko-augsburskej cirkvi v Po\u013esku poz\u00fdva na pravideln\u00fd Evanjeliza\u010dn\u00fd t\u00fd\u017ede\u0148 v Dziegielowe. Tohto roku bude prebieha\u0165 od soboty 4. j\u00fala do nedele 12. j\u00fala 2015. Ve\u010dern\u00e9 evanjeliza\u010dn\u00e9 stretania od 17. hodiny bude vies\u0165 pastor Wade Burleson z Oklahomy, USA. V tom istom \u010dase bud\u00fa ma\u0165 svoje evanjeliz\u00e1cie deti, prisp\u00f4soben\u00e9 ich veku a ch\u00e1paniu. Biblick\u00e9 v\u00fdklady na t\u00e9mu rodina, spolo\u010dnos\u0165, bl\u00ed\u017eni , stretania Je\u017ei\u0161a s r\u00f4znymi \u013eu\u010fmi a Jeho vz\u0165ah k nim bude vies\u0165 ev. far\u00e1r Slawomir Sikora zo \u0160tet\u00edna. Hlavn\u00fdm v\u00fdchodiskom je tohoro\u010dn\u00e9 heslo cirkvi z Rim \u00a015, 7.<\/p>\n<p>Ka\u017ed\u00fd ve\u010der ukon\u010dia koncerty. Vystupova\u0165 bud\u00fa po\u013esk\u00e9 i zahrani\u010dn\u00e9 skupiny . Evanjeliza\u010dn\u00e9ho t\u00fd\u017ed\u0148a sa ka\u017ed\u00fd rok z\u00fa\u010dast\u0148uje do 300 os\u00f4b. Podrobn\u00e9 inform\u00e1cie n\u00e1jdete na www.cme.org.pl .<\/p>\n<p>(www.luteranie.pl)<\/p>\n","protected":false},"excerpt":{"rendered":"<p>Centrum evanjeliz\u00e1cie a misie Evanjelicko-augsburskej cirkvi v Po\u013esku poz\u00fdva na pravideln\u00fd Evanjeliza\u010dn\u00fd t\u00fd\u017ede\u0148 v Dziegielowe. Tohto roku bude prebieha\u0165 od soboty 4. j\u00fala do nedele 12. j\u00fala 2015. Ve\u010dern\u00e9 evanjeliza\u010dn\u00e9 stretania od 17. hodiny bude vies\u0165 pastor Wade Burleson z Oklahomy, USA. V tom istom \u010dase bud\u00fa ma\u0165 svoje evanjeliz\u00e1cie deti, prisp\u00f4soben\u00e9 ich veku a &#8230; <a title=\"Pozv\u00e1nka do Dziegielowa, Po\u013esko\" class=\"read-more\" href=\"https:\/\/www.e-anjelik.sk\/index.php\/2015\/05\/03\/pozvanka-do-dziegielowa-polsko\/\" aria-label=\"Pre\u010d\u00edtajte si viac o Pozv\u00e1nka do Dziegielowa, Po\u013esko\">\u010c\u00edta\u0165 viac<\/a><\/p>\n","protected":false},"author":2,"featured_media":0,"comment_status":"open","ping_status":"open","sticky":false,"template":"","format":"standard","meta":{"footnotes":""},"categories":[1],"tags":[],"class_list":["post-28464","post","type-post","status-publish","format-standard","hentry","category-adventna-modlitba"],"_links":{"self":[{"href":"https:\/\/www.e-anjelik.sk\/index.php\/wp-json\/wp\/v2\/posts\/28464","targetHints":{"allow":["GET"]}}],"collection":[{"href":"https:\/\/www.e-anjelik.sk\/index.php\/wp-json\/wp\/v2\/posts"}],"about":[{"href":"https:\/\/www.e-anjelik.sk\/index.php\/wp-json\/wp\/v2\/types\/post"}],"author":[{"embeddable":true,"href":"https:\/\/www.e-anjelik.sk\/index.php\/wp-json\/wp\/v2\/users\/2"}],"replies":[{"embeddable":true,"href":"https:\/\/www.e-anjelik.sk\/index.php\/wp-json\/wp\/v2\/comments?post=28464"}],"version-history":[{"count":0,"href":"https:\/\/www.e-anjelik.sk\/index.php\/wp-json\/wp\/v2\/posts\/28464\/revisions"}],"wp:attachment":[{"href":"https:\/\/www.e-anjelik.sk\/index.php\/wp-json\/wp\/v2\/media?parent=28464"}],"wp:term":[{"taxonomy":"category","embeddable":true,"href":"https:\/\/www.e-anjelik.sk\/index.php\/wp-json\/wp\/v2\/categories?post=28464"},{"taxonomy":"post_tag","embeddable":true,"href":"https:\/\/www.e-anjelik.sk\/index.php\/wp-json\/wp\/v2\/tags?post=28464"}],"curies":[{"name":"wp","href":"https:\/\/api.w.org\/{rel}","templated":true}]}}