{"id":28466,"date":"2015-05-03T06:45:07","date_gmt":"2015-05-03T04:45:07","guid":{"rendered":"http:\/\/www.evanjelik.sk\/?p=28466"},"modified":"2015-05-03T06:45:07","modified_gmt":"2015-05-03T04:45:07","slug":"krestania-pomahaju-v-nepale","status":"publish","type":"post","link":"https:\/\/www.e-anjelik.sk\/index.php\/2015\/05\/03\/krestania-pomahaju-v-nepale\/","title":{"rendered":"Kres\u0165ania pom\u00e1haj\u00fa v Nepale"},"content":{"rendered":"<p>Na v\u00fdzvu nepalsk\u00fdch org\u00e1nov o pomoc \u00a0po zemetrasen\u00ed reaguj\u00fa aj kres\u0165ania vo svete. Pod\u013ea posledn\u00fdch spr\u00e1v zahynulo vy\u0161e 4 tis\u00edc \u013eud\u00ed a mnoho bolo zranen\u00fdch. Tis\u00edce s\u00fa bez pr\u00edstre\u0161ia pod hol\u00fdm nebom. Kres\u0165ansk\u00e1 pomocn\u00e1 organiz\u00e1cia Humedica vyslala do postihnut\u00e9ho regi\u00f3nu 26. apr\u00edla \u0161es\u0165 lek\u00e1rov a o\u0161etrovate\u013eov. Vez\u00fa so sebou bal\u00ed\u010dky, ktor\u00fdmi vedia o\u0161etri\u0165 do 3 tis\u00edc pacientov. O dva dni potom \u00a0odlet\u00ed z Nemecka \u010fal\u0161\u00ed t\u00edm. Do pomoci sa zap\u00e1jaj\u00fa aj \u010fal\u0161ie kres\u0165ansk\u00e9 diela, napr. nemeck\u00e9 Geschenke der Hoffnung a americk\u00e9 Samaritans Purse. Priv\u00e1\u017eaj\u00fa potraviny, vodu a lie\u010debn\u00e9 bal\u00ed\u010dky spolu s hygienick\u00fdmi potrebami. \u0160peci\u00e1lnu pomoc kres\u0165anom v Nepale poskytuje evanjelik\u00e1lna organiz\u00e1cia zo \u0160tuttgartu Hilfe fuer Brueder International.<\/p>\n<p>Z takmer 28 mili\u00f3nov obyvate\u013eov himal\u00e1jskeho \u0161t\u00e1tu s\u00fa\u00a075% hinduisti, 16% budhisti, 5% kres\u0165ania a 4% moslimovia.<\/p>\n<p>(www.idea.de)<\/p>\n","protected":false},"excerpt":{"rendered":"<p>Na v\u00fdzvu nepalsk\u00fdch org\u00e1nov o pomoc \u00a0po zemetrasen\u00ed reaguj\u00fa aj kres\u0165ania vo svete. Pod\u013ea posledn\u00fdch spr\u00e1v zahynulo vy\u0161e 4 tis\u00edc \u013eud\u00ed a mnoho bolo zranen\u00fdch. Tis\u00edce s\u00fa bez pr\u00edstre\u0161ia pod hol\u00fdm nebom. Kres\u0165ansk\u00e1 pomocn\u00e1 organiz\u00e1cia Humedica vyslala do postihnut\u00e9ho regi\u00f3nu 26. apr\u00edla \u0161es\u0165 lek\u00e1rov a o\u0161etrovate\u013eov. Vez\u00fa so sebou bal\u00ed\u010dky, ktor\u00fdmi vedia o\u0161etri\u0165 do 3 &#8230; <a title=\"Kres\u0165ania pom\u00e1haj\u00fa v Nepale\" class=\"read-more\" href=\"https:\/\/www.e-anjelik.sk\/index.php\/2015\/05\/03\/krestania-pomahaju-v-nepale\/\" aria-label=\"Pre\u010d\u00edtajte si viac o Kres\u0165ania pom\u00e1haj\u00fa v Nepale\">\u010c\u00edta\u0165 viac<\/a><\/p>\n","protected":false},"author":2,"featured_media":0,"comment_status":"open","ping_status":"open","sticky":false,"template":"","format":"standard","meta":{"footnotes":""},"categories":[1],"tags":[],"class_list":["post-28466","post","type-post","status-publish","format-standard","hentry","category-adventna-modlitba"],"_links":{"self":[{"href":"https:\/\/www.e-anjelik.sk\/index.php\/wp-json\/wp\/v2\/posts\/28466","targetHints":{"allow":["GET"]}}],"collection":[{"href":"https:\/\/www.e-anjelik.sk\/index.php\/wp-json\/wp\/v2\/posts"}],"about":[{"href":"https:\/\/www.e-anjelik.sk\/index.php\/wp-json\/wp\/v2\/types\/post"}],"author":[{"embeddable":true,"href":"https:\/\/www.e-anjelik.sk\/index.php\/wp-json\/wp\/v2\/users\/2"}],"replies":[{"embeddable":true,"href":"https:\/\/www.e-anjelik.sk\/index.php\/wp-json\/wp\/v2\/comments?post=28466"}],"version-history":[{"count":0,"href":"https:\/\/www.e-anjelik.sk\/index.php\/wp-json\/wp\/v2\/posts\/28466\/revisions"}],"wp:attachment":[{"href":"https:\/\/www.e-anjelik.sk\/index.php\/wp-json\/wp\/v2\/media?parent=28466"}],"wp:term":[{"taxonomy":"category","embeddable":true,"href":"https:\/\/www.e-anjelik.sk\/index.php\/wp-json\/wp\/v2\/categories?post=28466"},{"taxonomy":"post_tag","embeddable":true,"href":"https:\/\/www.e-anjelik.sk\/index.php\/wp-json\/wp\/v2\/tags?post=28466"}],"curies":[{"name":"wp","href":"https:\/\/api.w.org\/{rel}","templated":true}]}}