{"id":28468,"date":"2015-05-03T06:44:24","date_gmt":"2015-05-03T04:44:24","guid":{"rendered":"http:\/\/www.evanjelik.sk\/?p=28468"},"modified":"2015-05-03T06:44:24","modified_gmt":"2015-05-03T04:44:24","slug":"predsednictvo-evanjelickej-cirkvi-v-madarsku-odmieta-trest-smrti","status":"publish","type":"post","link":"https:\/\/www.e-anjelik.sk\/index.php\/2015\/05\/03\/predsednictvo-evanjelickej-cirkvi-v-madarsku-odmieta-trest-smrti\/","title":{"rendered":"Predsedn\u00edctvo Evanjelickej cirkvi v Ma\u010farsku odmieta trest smrti"},"content":{"rendered":"<p>V Ma\u010farsku sa v ostatn\u00fdch d\u0148och vedie na popud premi\u00e9ra V. Orb\u00e1na diskusia o znovuzaveden\u00ed trestu smrti v Ma\u010farsku. Predsedn\u00edctvo Evanjelickej cirkvi v Ma\u010farsku jednozna\u010dne odmieta tento trest. Nezodpoved\u00e1 evanjelickej a kres\u0165anskej etike. S\u00fa\u010dasne vyz\u00fdvaj\u00fa v\u0161etk\u00fdch veriacich, aby spolo\u010dn\u00fdmi modlitbami posilnili kres\u0165ansk\u00fa obnovu hodnotov\u00e9ho poriadku v spolo\u010dnosti, ktor\u00e1 m\u00f4\u017ee urobi\u0165 \u017eivot v na\u0161om svete bezpe\u010dnej\u0161\u00edm.<\/p>\n<p>(www.evangelikus.hu)<\/p>\n","protected":false},"excerpt":{"rendered":"<p>V Ma\u010farsku sa v ostatn\u00fdch d\u0148och vedie na popud premi\u00e9ra V. Orb\u00e1na diskusia o znovuzaveden\u00ed trestu smrti v Ma\u010farsku. Predsedn\u00edctvo Evanjelickej cirkvi v Ma\u010farsku jednozna\u010dne odmieta tento trest. Nezodpoved\u00e1 evanjelickej a kres\u0165anskej etike. S\u00fa\u010dasne vyz\u00fdvaj\u00fa v\u0161etk\u00fdch veriacich, aby spolo\u010dn\u00fdmi modlitbami posilnili kres\u0165ansk\u00fa obnovu hodnotov\u00e9ho poriadku v spolo\u010dnosti, ktor\u00e1 m\u00f4\u017ee urobi\u0165 \u017eivot v na\u0161om svete bezpe\u010dnej\u0161\u00edm. &#8230; <a title=\"Predsedn\u00edctvo Evanjelickej cirkvi v Ma\u010farsku odmieta trest smrti\" class=\"read-more\" href=\"https:\/\/www.e-anjelik.sk\/index.php\/2015\/05\/03\/predsednictvo-evanjelickej-cirkvi-v-madarsku-odmieta-trest-smrti\/\" aria-label=\"Pre\u010d\u00edtajte si viac o Predsedn\u00edctvo Evanjelickej cirkvi v Ma\u010farsku odmieta trest smrti\">\u010c\u00edta\u0165 viac<\/a><\/p>\n","protected":false},"author":2,"featured_media":0,"comment_status":"open","ping_status":"open","sticky":false,"template":"","format":"standard","meta":{"footnotes":""},"categories":[1],"tags":[],"class_list":["post-28468","post","type-post","status-publish","format-standard","hentry","category-adventna-modlitba"],"_links":{"self":[{"href":"https:\/\/www.e-anjelik.sk\/index.php\/wp-json\/wp\/v2\/posts\/28468","targetHints":{"allow":["GET"]}}],"collection":[{"href":"https:\/\/www.e-anjelik.sk\/index.php\/wp-json\/wp\/v2\/posts"}],"about":[{"href":"https:\/\/www.e-anjelik.sk\/index.php\/wp-json\/wp\/v2\/types\/post"}],"author":[{"embeddable":true,"href":"https:\/\/www.e-anjelik.sk\/index.php\/wp-json\/wp\/v2\/users\/2"}],"replies":[{"embeddable":true,"href":"https:\/\/www.e-anjelik.sk\/index.php\/wp-json\/wp\/v2\/comments?post=28468"}],"version-history":[{"count":0,"href":"https:\/\/www.e-anjelik.sk\/index.php\/wp-json\/wp\/v2\/posts\/28468\/revisions"}],"wp:attachment":[{"href":"https:\/\/www.e-anjelik.sk\/index.php\/wp-json\/wp\/v2\/media?parent=28468"}],"wp:term":[{"taxonomy":"category","embeddable":true,"href":"https:\/\/www.e-anjelik.sk\/index.php\/wp-json\/wp\/v2\/categories?post=28468"},{"taxonomy":"post_tag","embeddable":true,"href":"https:\/\/www.e-anjelik.sk\/index.php\/wp-json\/wp\/v2\/tags?post=28468"}],"curies":[{"name":"wp","href":"https:\/\/api.w.org\/{rel}","templated":true}]}}