{"id":28470,"date":"2015-05-03T06:40:59","date_gmt":"2015-05-03T04:40:59","guid":{"rendered":"http:\/\/www.evanjelik.sk\/?p=28470"},"modified":"2015-05-03T06:40:59","modified_gmt":"2015-05-03T04:40:59","slug":"farari-kritizuju-predsednictvo-kirchentagu","status":"publish","type":"post","link":"https:\/\/www.e-anjelik.sk\/index.php\/2015\/05\/03\/farari-kritizuju-predsednictvo-kirchentagu\/","title":{"rendered":"Far\u00e1ri kritizuj\u00fa predsedn\u00edctvo Kirchentagu"},"content":{"rendered":"<p>Pracovn\u00e9 spolo\u010denstvo wuerttembersk\u00fdch far\u00e1rov Confessio kritizuje predsedn\u00edctvo Kirchentagu, lebo toto br\u00e1ni \u00fa\u010dasti mesi\u00e1nskych \u017eidov na tomto ve\u013ekom podujat\u00ed. Mesi\u00e1nski \u017eidia veria v Je\u017ei\u0161a Krista ako vykupite\u013ea \u017eidov a P\u00e1na sveta. T\u00fdm, \u017ee robia misiu medzi \u017eidmi, za\u0165a\u017euj\u00fa dial\u00f3g medzi kres\u0165anmi a \u017eidmi. Tvrdia to ved\u00faci Kirchentagu. Far\u00e1ri oproti tomu poukazuj\u00fa na prv\u00fa cirkev, kedy apo\u0161toli \u0161\u00edrili vieru medzi \u017eidmi a boli ved\u00facimi judaizmu prenasledovan\u00ed. Potom apo\u0161tol Pavol za\u010dal \u0161\u00edri\u0165 kres\u0165anstvo aj medzi pohanmi. Far\u00e1ri si myslia, \u017ee z\u00e1kaz \u00fa\u010dasti\u00a0mo\u017eno ch\u00e1pa\u0165 ako proti\u017eidovsk\u00fd postoj. Confessio m\u00e1 90 \u010dlenov. Predsedom je far\u00e1r Tobias Eissler.<\/p>\n<p>35. Nemeck\u00fd Evanjelick\u00fd Kirchentag bude sa kona\u0165 od 3. do 7. j\u00fana 2015 v Stuttgarte.<\/p>\n<p>(www.idea.de)<\/p>\n","protected":false},"excerpt":{"rendered":"<p>Pracovn\u00e9 spolo\u010denstvo wuerttembersk\u00fdch far\u00e1rov Confessio kritizuje predsedn\u00edctvo Kirchentagu, lebo toto br\u00e1ni \u00fa\u010dasti mesi\u00e1nskych \u017eidov na tomto ve\u013ekom podujat\u00ed. Mesi\u00e1nski \u017eidia veria v Je\u017ei\u0161a Krista ako vykupite\u013ea \u017eidov a P\u00e1na sveta. T\u00fdm, \u017ee robia misiu medzi \u017eidmi, za\u0165a\u017euj\u00fa dial\u00f3g medzi kres\u0165anmi a \u017eidmi. Tvrdia to ved\u00faci Kirchentagu. Far\u00e1ri oproti tomu poukazuj\u00fa na prv\u00fa cirkev, kedy apo\u0161toli &#8230; <a title=\"Far\u00e1ri kritizuj\u00fa predsedn\u00edctvo Kirchentagu\" class=\"read-more\" href=\"https:\/\/www.e-anjelik.sk\/index.php\/2015\/05\/03\/farari-kritizuju-predsednictvo-kirchentagu\/\" aria-label=\"Pre\u010d\u00edtajte si viac o Far\u00e1ri kritizuj\u00fa predsedn\u00edctvo Kirchentagu\">\u010c\u00edta\u0165 viac<\/a><\/p>\n","protected":false},"author":2,"featured_media":0,"comment_status":"open","ping_status":"open","sticky":false,"template":"","format":"standard","meta":{"footnotes":""},"categories":[1],"tags":[],"class_list":["post-28470","post","type-post","status-publish","format-standard","hentry","category-adventna-modlitba"],"_links":{"self":[{"href":"https:\/\/www.e-anjelik.sk\/index.php\/wp-json\/wp\/v2\/posts\/28470","targetHints":{"allow":["GET"]}}],"collection":[{"href":"https:\/\/www.e-anjelik.sk\/index.php\/wp-json\/wp\/v2\/posts"}],"about":[{"href":"https:\/\/www.e-anjelik.sk\/index.php\/wp-json\/wp\/v2\/types\/post"}],"author":[{"embeddable":true,"href":"https:\/\/www.e-anjelik.sk\/index.php\/wp-json\/wp\/v2\/users\/2"}],"replies":[{"embeddable":true,"href":"https:\/\/www.e-anjelik.sk\/index.php\/wp-json\/wp\/v2\/comments?post=28470"}],"version-history":[{"count":0,"href":"https:\/\/www.e-anjelik.sk\/index.php\/wp-json\/wp\/v2\/posts\/28470\/revisions"}],"wp:attachment":[{"href":"https:\/\/www.e-anjelik.sk\/index.php\/wp-json\/wp\/v2\/media?parent=28470"}],"wp:term":[{"taxonomy":"category","embeddable":true,"href":"https:\/\/www.e-anjelik.sk\/index.php\/wp-json\/wp\/v2\/categories?post=28470"},{"taxonomy":"post_tag","embeddable":true,"href":"https:\/\/www.e-anjelik.sk\/index.php\/wp-json\/wp\/v2\/tags?post=28470"}],"curies":[{"name":"wp","href":"https:\/\/api.w.org\/{rel}","templated":true}]}}