{"id":28472,"date":"2015-05-03T06:40:59","date_gmt":"2015-05-03T04:40:59","guid":{"rendered":"http:\/\/www.evanjelik.sk\/?p=28472"},"modified":"2015-05-03T06:40:59","modified_gmt":"2015-05-03T04:40:59","slug":"zasadanie-rady-biskupov-v-astane","status":"publish","type":"post","link":"https:\/\/www.e-anjelik.sk\/index.php\/2015\/05\/03\/zasadanie-rady-biskupov-v-astane\/","title":{"rendered":"Zasadanie Rady biskupov v Astane"},"content":{"rendered":"<p>21. &#8211; 23. apr\u00edla 2015 sa v evanjelickom kostole v hlavnom meste Kaza\u017eskej republiky Astane konalo zasadnutie Rady biskupov Zv\u00e4zu evanjelicko-luter\u00e1nskych cirkv\u00ed. Po p\u00e4\u0165ro\u010dnom spracov\u00e1van\u00ed pripomienok a schva\u013eovan\u00ed synodami \u010dlensk\u00fdch cirkv\u00ed biskupi na z\u00e1ver podp\u00edsali dohodu o vytvoren\u00ed Zv\u00e4zu evanjelicko-luter\u00e1nskych cirkv\u00ed. Na zasadnut\u00ed sa z\u00fa\u010dastnili: biskup \u00a0Hans Joachim Kinderlen z Tbilisi (Gruz\u00ednsko), arcibiskup Dietrich Brauer z Moskvy, biskup Alfred Eichholz z Bi\u0161keka (Kirgizsko), biskup Sergej Ma\u0161evskij z Odesy, biskup Jurij Novgorodov z Astany. Pr\u00edtomn\u00fd bol aj vrchn\u00fd cirkevn\u00fd radca Michael Huebner z EKD.<\/p>\n<p>\u00da\u010dastn\u00edci vyrie\u0161ili aj probl\u00e9m duchovnej slu\u017eby v cirkevn\u00fdch zboroch na Kryme. Podp\u00edsali vyhl\u00e1senie, \u017ee duchovn\u00fa \u010dinnos\u0165 na Kryme m\u00f4\u017eu vykon\u00e1va\u0165 tri cirkvi: ELC eur\u00f3pskej \u010dasti Ruska, Nemeckej ELC Ukrajiny a \u00a0jej partnersk\u00e1 ELC Bavorska. Vo vo\u013eb\u00e1ch jednomyse\u013ene za predsedu Zv\u00e4zu ELC\u00a0 zvolili biskupa Jurija Novgorodova z Astany. Funk\u010dn\u00e9 obdobie s\u00fa dva roky. V r\u00e1mci ekumenick\u00fdch vz\u0165ahov biskupi nav\u0161t\u00edvili miestnych hierachov pravosl\u00e1vnej a r\u00edm. kat. cirkvi a ich katedr\u00e1ly.<\/p>\n<p><img decoding=\"async\" src=\"http:\/\/www.elkras.ru\/UserFiles\/Image\/kirche_astana.jpg\" alt=\"\" \/>\u00a0\u00a0 Evanjelicko-luter\u00e1nsky kostol v Astane<\/p>\n<p>(www.elkras.ru)<\/p>\n","protected":false},"excerpt":{"rendered":"<p>21. &#8211; 23. apr\u00edla 2015 sa v evanjelickom kostole v hlavnom meste Kaza\u017eskej republiky Astane konalo zasadnutie Rady biskupov Zv\u00e4zu evanjelicko-luter\u00e1nskych cirkv\u00ed. Po p\u00e4\u0165ro\u010dnom spracov\u00e1van\u00ed pripomienok a schva\u013eovan\u00ed synodami \u010dlensk\u00fdch cirkv\u00ed biskupi na z\u00e1ver podp\u00edsali dohodu o vytvoren\u00ed Zv\u00e4zu evanjelicko-luter\u00e1nskych cirkv\u00ed. Na zasadnut\u00ed sa z\u00fa\u010dastnili: biskup \u00a0Hans Joachim Kinderlen z Tbilisi (Gruz\u00ednsko), arcibiskup Dietrich Brauer &#8230; <a title=\"Zasadanie Rady biskupov v Astane\" class=\"read-more\" href=\"https:\/\/www.e-anjelik.sk\/index.php\/2015\/05\/03\/zasadanie-rady-biskupov-v-astane\/\" aria-label=\"Pre\u010d\u00edtajte si viac o Zasadanie Rady biskupov v Astane\">\u010c\u00edta\u0165 viac<\/a><\/p>\n","protected":false},"author":2,"featured_media":0,"comment_status":"open","ping_status":"open","sticky":false,"template":"","format":"standard","meta":{"footnotes":""},"categories":[1],"tags":[],"class_list":["post-28472","post","type-post","status-publish","format-standard","hentry","category-adventna-modlitba"],"_links":{"self":[{"href":"https:\/\/www.e-anjelik.sk\/index.php\/wp-json\/wp\/v2\/posts\/28472","targetHints":{"allow":["GET"]}}],"collection":[{"href":"https:\/\/www.e-anjelik.sk\/index.php\/wp-json\/wp\/v2\/posts"}],"about":[{"href":"https:\/\/www.e-anjelik.sk\/index.php\/wp-json\/wp\/v2\/types\/post"}],"author":[{"embeddable":true,"href":"https:\/\/www.e-anjelik.sk\/index.php\/wp-json\/wp\/v2\/users\/2"}],"replies":[{"embeddable":true,"href":"https:\/\/www.e-anjelik.sk\/index.php\/wp-json\/wp\/v2\/comments?post=28472"}],"version-history":[{"count":0,"href":"https:\/\/www.e-anjelik.sk\/index.php\/wp-json\/wp\/v2\/posts\/28472\/revisions"}],"wp:attachment":[{"href":"https:\/\/www.e-anjelik.sk\/index.php\/wp-json\/wp\/v2\/media?parent=28472"}],"wp:term":[{"taxonomy":"category","embeddable":true,"href":"https:\/\/www.e-anjelik.sk\/index.php\/wp-json\/wp\/v2\/categories?post=28472"},{"taxonomy":"post_tag","embeddable":true,"href":"https:\/\/www.e-anjelik.sk\/index.php\/wp-json\/wp\/v2\/tags?post=28472"}],"curies":[{"name":"wp","href":"https:\/\/api.w.org\/{rel}","templated":true}]}}