{"id":28474,"date":"2015-05-03T06:40:59","date_gmt":"2015-05-03T04:40:59","guid":{"rendered":"http:\/\/www.evanjelik.sk\/?p=28474"},"modified":"2025-09-12T16:24:47","modified_gmt":"2025-09-12T14:24:47","slug":"pozvanie-na-bradlo","status":"publish","type":"post","link":"https:\/\/www.e-anjelik.sk\/index.php\/2015\/05\/03\/pozvanie-na-bradlo\/","title":{"rendered":"Pozvanie na Bradlo"},"content":{"rendered":"\n<p>V nede\u013eu 3.m\u00e1ja 2015 sa v obci Ko\u0161arisk\u00e1&nbsp; a na mohyle na Bradle uskuto\u010dn\u00ed Pietna spomienka pri pr\u00edle\u017eitosti 96.v\u00fdro\u010dia tragickej smrti gener\u00e1la M.R.\u0160tef\u00e1nika.<\/p>\n\n\n\n<p>Spomienku organizuj\u00fa mest\u00e1 Brezov\u00e1 pod Bradlom a Myjava, obce Ko\u0161arisk\u00e1 a Priepasn\u00e9, Spolo\u010dnos\u0165 M.R.\u0160tef\u00e1nika, Spolok rod\u00e1kov M.R.\u0160tef\u00e1nika ako i dom\u00e1ci CZ&nbsp; ECAV Ko\u0161arisk\u00e1-Priepasn\u00e9.<\/p>\n\n\n\n<p>Program sa za\u010dne na Ko\u0161arisk\u00e1ch<\/p>\n\n\n\n<p>15.00 hod &#8211; otvorenie v\u00fdstavy:&#8220;Potomci, nezab\u00fadajte&#8220; a koncertom zboru Zvonkohry a opern\u00e9ho s\u00f3listu Jurija Kruglova<\/p>\n\n\n\n<p>16.30 &#8211; Sl\u00e1vnostn\u00e9 slu\u017eby Bo\u017eie v ev.kostole<\/p>\n\n\n\n<p>17.45&nbsp; &#8211; Sl\u00e1vnostn\u00fd akt polo\u017eenia vencov, Rodn\u00fd dom M.R.\u0160.<\/p>\n\n\n\n<p>18.15 &#8211; Fak\u013eov\u00fd sprievod historickou cestou na Bradlo od rod.domu<\/p>\n\n\n\n<p>&nbsp;<\/p>\n\n\n\n<p>BRADLO- Mohyla MR\u0160<\/p>\n\n\n\n<p>19.30 &#8211; Sl\u00e1vnostn\u00e9 pr\u00edhovory<\/p>\n\n\n\n<p>20.00 &#8211; Zap\u00e1lenie vatier<\/p>\n\n\n\n<p>&nbsp;<\/p>\n\n\n\n<p>&nbsp;<\/p>\n\n\n\n<p>&nbsp;<\/p>\n","protected":false},"excerpt":{"rendered":"<p>V nede\u013eu 3.m\u00e1ja 2015 sa v obci Ko\u0161arisk\u00e1&nbsp; a na mohyle na Bradle uskuto\u010dn\u00ed Pietna spomienka pri pr\u00edle\u017eitosti 96.v\u00fdro\u010dia tragickej smrti gener\u00e1la M.R.\u0160tef\u00e1nika. Spomienku organizuj\u00fa mest\u00e1 Brezov\u00e1 pod Bradlom a Myjava, obce Ko\u0161arisk\u00e1 a Priepasn\u00e9, Spolo\u010dnos\u0165 M.R.\u0160tef\u00e1nika, Spolok rod\u00e1kov M.R.\u0160tef\u00e1nika ako i dom\u00e1ci CZ&nbsp; ECAV Ko\u0161arisk\u00e1-Priepasn\u00e9. Program sa za\u010dne na Ko\u0161arisk\u00e1ch 15.00 hod &#8211; otvorenie &#8230; <a title=\"Pozvanie na Bradlo\" class=\"read-more\" href=\"https:\/\/www.e-anjelik.sk\/index.php\/2015\/05\/03\/pozvanie-na-bradlo\/\" aria-label=\"Pre\u010d\u00edtajte si viac o Pozvanie na Bradlo\">\u010c\u00edta\u0165 viac<\/a><\/p>\n","protected":false},"author":4,"featured_media":0,"comment_status":"open","ping_status":"open","sticky":false,"template":"","format":"standard","meta":{"footnotes":""},"categories":[4],"tags":[],"class_list":["post-28474","post","type-post","status-publish","format-standard","hentry","category-akcie"],"_links":{"self":[{"href":"https:\/\/www.e-anjelik.sk\/index.php\/wp-json\/wp\/v2\/posts\/28474","targetHints":{"allow":["GET"]}}],"collection":[{"href":"https:\/\/www.e-anjelik.sk\/index.php\/wp-json\/wp\/v2\/posts"}],"about":[{"href":"https:\/\/www.e-anjelik.sk\/index.php\/wp-json\/wp\/v2\/types\/post"}],"author":[{"embeddable":true,"href":"https:\/\/www.e-anjelik.sk\/index.php\/wp-json\/wp\/v2\/users\/4"}],"replies":[{"embeddable":true,"href":"https:\/\/www.e-anjelik.sk\/index.php\/wp-json\/wp\/v2\/comments?post=28474"}],"version-history":[{"count":1,"href":"https:\/\/www.e-anjelik.sk\/index.php\/wp-json\/wp\/v2\/posts\/28474\/revisions"}],"predecessor-version":[{"id":38387,"href":"https:\/\/www.e-anjelik.sk\/index.php\/wp-json\/wp\/v2\/posts\/28474\/revisions\/38387"}],"wp:attachment":[{"href":"https:\/\/www.e-anjelik.sk\/index.php\/wp-json\/wp\/v2\/media?parent=28474"}],"wp:term":[{"taxonomy":"category","embeddable":true,"href":"https:\/\/www.e-anjelik.sk\/index.php\/wp-json\/wp\/v2\/categories?post=28474"},{"taxonomy":"post_tag","embeddable":true,"href":"https:\/\/www.e-anjelik.sk\/index.php\/wp-json\/wp\/v2\/tags?post=28474"}],"curies":[{"name":"wp","href":"https:\/\/api.w.org\/{rel}","templated":true}]}}