{"id":28478,"date":"2015-05-03T06:55:56","date_gmt":"2015-05-03T04:55:56","guid":{"rendered":"http:\/\/www.evanjelik.sk\/?p=28478"},"modified":"2015-05-03T06:55:56","modified_gmt":"2015-05-03T04:55:56","slug":"misijne-vecery-v-dnoch-4-6-maja-2015","status":"publish","type":"post","link":"https:\/\/www.e-anjelik.sk\/index.php\/2015\/05\/03\/misijne-vecery-v-dnoch-4-6-maja-2015\/","title":{"rendered":"Misijn\u00e9 ve\u010dery v d\u0148och 4. \u2013 6. \u00a0m\u00e1ja 2015"},"content":{"rendered":"<p>Cirkevn\u00fd zbor Evanjelickej cirkvi augsbursk\u00e9ho vyznania na Slovensku Bratislava Legion\u00e1rska v\u00e1s\u00a0r\u00e1mci permanentnej evanjeliz\u00e1cie srde\u010dne poz\u00fdva na Misijn\u00e9 ve\u010dery 2015 v\u00a0\u010dase od pondelka 4. m\u00e1ja do stredy 6. m\u00e1ja so za\u010diatkom o\u00a018.00 h. V Novom kostole na Legion\u00e1rskej ulici v\u00a0Bratislave bud\u00fa na t\u00e9mu Ist\u00edm \u0164a! k\u00e1za\u0165 hostia Gemechis Buba z\u00a0Eti\u00f3pie (asistent biskupa pre misiu Severoamerickej evanjelickej cirkvi) a\u00a0Curt A. Westman z\u00a0N\u00f3rska (pracuje pre N\u00f3rsku evanjelick\u00fa misiu).<br \/>\n\u00a0<br \/>\nT\u00e9my jednotliv\u00fdch evanjeliza\u010dn\u00fdch pr\u00edhovorov, ktor\u00fdch \u00fastrednou t\u00e9mou s\u00fa istoty v\u00a0neistom svete, s\u00fa nasledovn\u00e9:<br \/>\npondelok 4. 5. &#8211; Ako je to s istotami?<br \/>\nutorok \u00a0 \u00a0 5. 5. &#8211; S\u00fa (istoty) dostupn\u00e9 pre ka\u017ed\u00e9ho?<br \/>\nstreda \u00a0 \u00a0 \u00a0 6. 5. &#8211; Z\u00e1ru\u010dn\u00fd list trval\u00fdch ist\u00f4t!<br \/>\n\u00a0<br \/>\nJednotliv\u00e9 podujatia bud\u00fa obohaten\u00e9 o\u00a0hudbu, spev, osobn\u00e9 svedectv\u00e1 \u010di in\u00e9 programov\u00e9 zlo\u017eky.<br \/>\n\u00a0<br \/>\nV\u0161etci s\u00fa srde\u010dne v\u00edtan\u00ed!<br \/>\n\u00a0<br \/>\nJana Martincov\u00e1 Min\u00e1\u010dov\u00e1, CZ ECAV Bratislava Legion\u00e1rska<br \/>\n\u00a0<br \/>\n&#8212;&#8212;&#8212;&#8212;&#8212;&#8212;&#8212;&#8212;&#8212;&#8212;&#8212;&#8212;&#8212;&#8212;&#8212;&#8212;&#8212;&#8212;&#8212;&#8212;&#8212;&#8212;&#8212;&#8212;&#8212;&#8212;&#8212;&#8212;&#8212;&#8212;&#8212;&#8212;&#8212;&#8212;&#8212;&#8212;&#8212;-<br \/>\n\u00a0<br \/>\nPermanentn\u00e1 evanjeliz\u00e1cia \u2013 to je \u00faloha i\u00a0cie\u013e v\u00a0roku 2013 vytvoren\u00e9ho Evanjeliza\u010dn\u00e9ho t\u00edmu cirkevn\u00e9ho zboru (skr\u00e1tene Evanjeliza\u010dn\u00fd t\u00edm CZ), ktor\u00fd je s\u00fa\u010das\u0165ou V\u00fdboru pre vonkaj\u0161iu a\u00a0vn\u00fatorn\u00fa misiu (VVVM) cirkevn\u00e9ho zboru a\u00a0pravidelne sa stret\u00e1va od septembra 2013 pod veden\u00edm br. Jozefa Kov\u00e1\u010da.<br \/>\n\u00a0<br \/>\nPermanentn\u00e1 evanjeliz\u00e1cia ako n\u00e1stroj duchovnej obnovy cirkevn\u00e9ho zboru (\u010dlenov, sympatizantov, ale i\u00a0t\u00fdch, ktor\u00ed o\u00a0CZ mo\u017eno dnes ani nevedia) si kladie za cie\u013e nepretr\u017eite v\u00a0moci Ducha sv\u00e4t\u00e9ho h\u013eada\u0165 a\u00a0nach\u00e1dza\u0165 nov\u00e9 formy oslovenia dne\u0161n\u00e9ho \u010dloveka, ktor\u00e9ho chce privies\u0165 k\u00a0P\u00e1nu Bohu i\u00a0do cirkevn\u00e9ho zboru, a\u00a0to len v\u010faka Bo\u017eej milosti a\u00a0Bo\u017eej kreativite.<br \/>\n\u00a0<\/p>\n","protected":false},"excerpt":{"rendered":"<p>Cirkevn\u00fd zbor Evanjelickej cirkvi augsbursk\u00e9ho vyznania na Slovensku Bratislava Legion\u00e1rska v\u00e1s\u00a0r\u00e1mci permanentnej evanjeliz\u00e1cie srde\u010dne poz\u00fdva na Misijn\u00e9 ve\u010dery 2015 v\u00a0\u010dase od pondelka 4. m\u00e1ja do stredy 6. m\u00e1ja so za\u010diatkom o\u00a018.00 h. V Novom kostole na Legion\u00e1rskej ulici v\u00a0Bratislave bud\u00fa na t\u00e9mu Ist\u00edm \u0164a! k\u00e1za\u0165 hostia Gemechis Buba z\u00a0Eti\u00f3pie (asistent biskupa pre misiu Severoamerickej evanjelickej &#8230; <a title=\"Misijn\u00e9 ve\u010dery v d\u0148och 4. \u2013 6. \u00a0m\u00e1ja 2015\" class=\"read-more\" href=\"https:\/\/www.e-anjelik.sk\/index.php\/2015\/05\/03\/misijne-vecery-v-dnoch-4-6-maja-2015\/\" aria-label=\"Pre\u010d\u00edtajte si viac o Misijn\u00e9 ve\u010dery v d\u0148och 4. \u2013 6. \u00a0m\u00e1ja 2015\">\u010c\u00edta\u0165 viac<\/a><\/p>\n","protected":false},"author":5,"featured_media":0,"comment_status":"open","ping_status":"open","sticky":false,"template":"","format":"standard","meta":{"footnotes":""},"categories":[1],"tags":[],"class_list":["post-28478","post","type-post","status-publish","format-standard","hentry","category-adventna-modlitba"],"_links":{"self":[{"href":"https:\/\/www.e-anjelik.sk\/index.php\/wp-json\/wp\/v2\/posts\/28478","targetHints":{"allow":["GET"]}}],"collection":[{"href":"https:\/\/www.e-anjelik.sk\/index.php\/wp-json\/wp\/v2\/posts"}],"about":[{"href":"https:\/\/www.e-anjelik.sk\/index.php\/wp-json\/wp\/v2\/types\/post"}],"author":[{"embeddable":true,"href":"https:\/\/www.e-anjelik.sk\/index.php\/wp-json\/wp\/v2\/users\/5"}],"replies":[{"embeddable":true,"href":"https:\/\/www.e-anjelik.sk\/index.php\/wp-json\/wp\/v2\/comments?post=28478"}],"version-history":[{"count":0,"href":"https:\/\/www.e-anjelik.sk\/index.php\/wp-json\/wp\/v2\/posts\/28478\/revisions"}],"wp:attachment":[{"href":"https:\/\/www.e-anjelik.sk\/index.php\/wp-json\/wp\/v2\/media?parent=28478"}],"wp:term":[{"taxonomy":"category","embeddable":true,"href":"https:\/\/www.e-anjelik.sk\/index.php\/wp-json\/wp\/v2\/categories?post=28478"},{"taxonomy":"post_tag","embeddable":true,"href":"https:\/\/www.e-anjelik.sk\/index.php\/wp-json\/wp\/v2\/tags?post=28478"}],"curies":[{"name":"wp","href":"https:\/\/api.w.org\/{rel}","templated":true}]}}