{"id":28508,"date":"2015-05-19T20:10:08","date_gmt":"2015-05-19T18:10:08","guid":{"rendered":"http:\/\/www.evanjelik.sk\/?p=28508"},"modified":"2025-08-15T16:40:04","modified_gmt":"2025-08-15T14:40:04","slug":"neboj-sa-nemaj-strach","status":"publish","type":"post","link":"https:\/\/www.e-anjelik.sk\/index.php\/2015\/05\/19\/neboj-sa-nemaj-strach\/","title":{"rendered":"Neboj sa nemaj strach!"},"content":{"rendered":"\n<p><strong><em>&nbsp;&nbsp;&nbsp;&nbsp;&nbsp;&nbsp;&nbsp;&nbsp;&nbsp;&nbsp;&nbsp;&nbsp;&nbsp;&nbsp;&nbsp;&nbsp;&nbsp;&nbsp;&nbsp;&nbsp;&nbsp;&nbsp;&nbsp;&nbsp;&nbsp;&nbsp;&nbsp;&nbsp;&nbsp;&nbsp;&nbsp;&nbsp; &nbsp;&nbsp;&nbsp;&nbsp;<\/em><\/strong><strong>Neboj sa a&nbsp;nemaj strach!<\/strong><\/p>\n\n\n\n<p><em>S\u00e1m Pane Kriste, ve\u010f n\u00e1s, ve\u010f,<\/em><\/p>\n\n\n\n<p><em>Hoc pln\u00ed sa i&nbsp;predpove\u010f<\/em><\/p>\n\n\n\n<p><em>o&nbsp;utrpen\u00ed&#8230; &#8211; Ty osl\u00e1ven\u00fd<\/em><\/p>\n\n\n\n<p><em>bu\u010f pomocou v tomto svete bied.<\/em><\/p>\n\n\n\n<p><em>&nbsp;<\/em><\/p>\n\n\n\n<p><em>Ute\u0161ite\u013ea po\u0161li n\u00e1m,<\/em><\/p>\n\n\n\n<p><em>Svie\u0165 pravdou na\u0161\u00edm dolin\u00e1m,<\/em><\/p>\n\n\n\n<p><em>U\u017e zlu sa prie\u010di\u0165, o&nbsp;Tebe sved\u010di\u0165-<\/em><\/p>\n\n\n\n<p><em>A&nbsp;niekdy ve\u010f n\u00e1s k&nbsp;v\u00fd\u0161in\u00e1m! Amen (M.R.)<\/em><\/p>\n\n\n\n<p><strong>5 Moj\u017ei\u0161ova 31, 6-8:<\/strong><\/p>\n\n\n\n<p><em>\u201eBu\u010fte mocn\u00ed a&nbsp;udatn\u00ed, nebojte sa, ani sa ich ne\u013eakajte, lebo Hospodin, tvoj Boh, kr\u00e1\u010da s&nbsp;Tebou; nenech\u00e1 a&nbsp;neopust\u00ed \u0165a! (7) Potom zavolal Moj\u017ei\u0161 J\u00f3zuu a&nbsp;povedal mu pred zrakom cel\u00e9ho Izraela: Bu\u010f mocn\u00fd a&nbsp;udatn\u00fd, lebo ty vojde\u0161 s&nbsp;t\u00fdmto \u013eudom do krajiny, ktor\u00fa Hospodin s&nbsp;pr\u00edsahou zas\u013e\u00fabil da\u0165 jeho otcom; ty im ju odovzd\u00e1\u0161 do dedi\u010dn\u00e9ho vlastn\u00edctva. (8) Hospodin s\u00e1m kr\u00e1\u010da pred tebou, On bude s&nbsp;tebou, nenech\u00e1 a&nbsp;neopust\u00ed \u0165a. Neboj sa a nemaj strach!\u201c Amen<\/em><\/p>\n\n\n\n<p><em>&nbsp;&nbsp;&nbsp;&nbsp; <\/em>Bohumil\u00ed kres\u0165ania!<\/p>\n\n\n\n<p>Mlad\u00e9ho \u010dloveka, \u010derstv\u00e9ho maturanta sa op\u00fdtal jeho veriaci str\u00fdko, ktor\u00e9mu sa pochv\u00e1lil so svoj\u00edm \u017eivotn\u00fdm \u00faspechom: Hovor\u00ed\u0161, \u017ee si dosiahol svoj \u017eivotn\u00fd cie\u013e. Ale \u010do bude po maturite? \u2013 P\u00f4jdem na vysok\u00fa \u0161kolu a&nbsp;budem \u0161tudova\u0165 \u010falej. \u2013 A&nbsp;\u010do bude potom? \u2013 Potom skon\u010d\u00edm \u0161t\u00fadi\u00e1 a&nbsp;n\u00e1jdem si dobr\u00e9 zamestnanie. \u2013No dobre, ale \u010do potom?- Potom sa o\u017een\u00edm a&nbsp;zalo\u017e\u00edm si rodinu.- A potom? &#8211; Potom sa budem venova\u0165 svojej kari\u00e9re.- No a&nbsp;\u010do bude potom? -Potom, potom&#8230;- u\u017e nerv\u00f3zne odpovedal tento mlad\u00fd mu\u017e \u2013 potom p\u00f4jdem na d\u00f4chodok a&nbsp;budem odpo\u010d\u00edva\u0165! \u2013 No dobre, ale \u010do potom? &#8211; Potom zomriem. \u2013A \u010do potom? \u2013 Potom? Na to som nemyslel&#8230; Ale jeho str\u00fdko mu pripomenul, \u017ee po smrti pr\u00edde ve\u010dnos\u0165. Ak\u00fa podobu bude ma\u0165 ve\u010dnos\u0165 pre teba? Na to by si mal myslie\u0165 u\u017e teraz, lebo to je skuto\u010dn\u00fd cie\u013e n\u00e1\u0161ho \u017eivota!<\/p>\n\n\n\n<p>Bratia sestry, treba prizna\u0165, \u017ee ve\u013ea \u013eud\u00ed a&nbsp;to aj m\u00fadrych, alebo vzdelan\u00fdch na ve\u010dnos\u0165 v\u00f4bec nemysl\u00ed. Nemyslia sa ve\u010dn\u00fd \u017eivot s&nbsp;Kristom, ktor\u00fd vst\u00fapil na nebes\u00e1, ale odtia\u013e znovu pr\u00edde s\u00fadi\u0165 \u017eiv\u00fdch i&nbsp;m\u0155tvych a&nbsp;potom d\u00e1 v&nbsp;Neho veriacim \u00fa\u010das\u0165 na svojej sl\u00e1ve a&nbsp;ve\u010dnom \u017eivote.<\/p>\n\n\n\n<p>Mnoh\u00ed \u013eudia maj\u00fa iba kr\u00e1tkodob\u00e9 ciele. Ak aj maj\u00fa ciele dlhodobej\u0161ie, na ten kone\u010dn\u00fd cie\u013e \u017eivota nemyslia. Je to tak spravidla preto, \u017ee nemyslia ani na za\u010diatok a p\u00f4vod \u017eivota a&nbsp;P\u00f4vodcu \u017eivota. A niektor\u00ed pova\u017euj\u00fa sam\u00fdch seba za stred, mieru a&nbsp;vrchol v\u0161etk\u00fdch vec\u00ed.<\/p>\n\n\n\n<p>Z P\u00edsma sme po\u010duli o \u013eude SZ, ktor\u00fd konal cestu z&nbsp;egyptsk\u00e9ho otroctva. Pre\u0148 bol cie\u013e v&nbsp;d\u00f4jden\u00ed do zas\u013e\u00fabenej zeme, do Kana\u00e1nu. Iste\u017ee to bol ve\u013ek\u00fd cie\u013e. Z\u00edska\u0165 vlas\u0165, z\u00edska\u0165 n\u00e1rodn\u00fa a&nbsp;n\u00e1bo\u017eensk\u00fa slobodu, to je vysok\u00e1 a&nbsp;d\u00f4le\u017eit\u00e1 m\u00e9ta. Nebolo jednoduch\u00e9 ju dosiahnu\u0165 a&nbsp;vieme, \u017ee t\u00ed, \u010do vy\u0161li z&nbsp;Egypta, tento cie\u013e ani nedosiahli. Zahynuli pre neveru a&nbsp;duchovn\u00e9 pobl\u00fadenie, ktor\u00e9 prinieslo aj to zn\u00e1me 40 ro\u010dn\u00e9 bl\u00fadenie po p\u00fa\u0161ti. S\u00e1m Moj\u017ei\u0161 zomrel a&nbsp;hraniciach Kana\u00e1nu. Boh ho v\u0161ak z&nbsp;milosti prijal do vlasti nebeskej.<\/p>\n\n\n\n<p>Vtedy dostal tento putuj\u00faci \u013eud a&nbsp;jeho nov\u00fd duchovn\u00fd vodca J\u00f3zua, nov\u00e9 povzbudenie: <em>\u201cBu\u010fte mocn\u00ed a&nbsp;udatn\u00ed! Nebojte sa, ani s&nbsp;a ich ne\u013eakajte, lebo Hospodin, tvoj Boh kr\u00e1\u010da s&nbsp;tebou; nenech\u00e1 a&nbsp;neopust\u00ed \u0165a\u201c. <\/em>Hospodin svoje s\u013euby pln\u00ed. Preto J\u00f3zuovi riekol<em>:\u201c &#8230;lebo ty vojde\u0161 s&nbsp;t\u00fdmto \u013eudom do krajiny, ktor\u00fa Hospodin s pr\u00edsahou zas\u013e\u00fabil da\u0165 jeho otcom; ty im ju odovzd\u00e1\u0161 do dedi\u010dn\u00e9ho vlastn\u00edctva. Hospodin s\u00e1m kr\u00e1\u010da pred Tebou, On bude s&nbsp;tebou, nenech\u00e1 a&nbsp;neopust\u00ed \u0165a. Neboj sa a&nbsp;nemaj strach\u201c.<\/em><\/p>\n\n\n\n<p>Je pravdou, \u017ee pre v\u00e4\u010d\u0161inu Izraelcov bol vtedy Kana\u00e1n zas\u013e\u00fabenou zemou a\u00a0preto aj t\u00fdm najvy\u0161\u0161\u00edm cie\u013eom. Len\u017ee t\u00fdm najvy\u0161\u0161\u00edm cie\u013eom zostala ich pozemsk\u00e1 vlas\u0165 aj vtedy, ke\u010f pri\u0161iel k\u00a0nim od Boha dan\u00fd Vodca a\u00a0Z\u00e1chranca Je\u017ei\u0161 k\u00a0nebesk\u00e9mu Kana\u00e1nu. \u013dud Izraela bol zle duchovne veden\u00fd a\u00a0orientovan\u00fd vtedaj\u0161\u00edmi svojimi politick\u00fdmi a\u00a0n\u00e1bo\u017eensk\u00fdmi vodcami. Mysleli iba na \u010diastkov\u00e9 ciele- politick\u00e9, n\u00e1rodn\u00e9 a\u00a0ekonomick\u00e9. V\u00a0\u017eidovskej rade zaznela ot\u00e1zka: <em>\u201e\u010co robi\u0165?&#8230;Ak Ho nech\u00e1me tak, v\u0161etci uveria v\u00a0Neho, pr\u00eddu Rimania a\u00a0zaujm\u00fa n\u00e1m aj krajinu aj n\u00e1rod\u201c.<\/em> A\u00a0ve\u013ek\u0148az Kaif\u00e1\u0161 argumentoval: <em>\u201eVy ni\u010d neviete, ani neuv\u00e1\u017eite, \u017ee lep\u0161ie bude pre v\u00e1s, ke\u010f jeden \u010dlovek umrie za \u013eud a\u00a0nezahynie cel\u00fd n\u00e1rod\u201c.<\/em> Napokon unisono pred Pil\u00e1tom zaznelo: \u201e<em>Nem\u00e1me kr\u00e1\u013ea, len cis\u00e1ra\u201c! <\/em>Je\u017ei\u0161, ktor\u00fd jasne hovoril o\u00a0inom najvy\u0161\u0161om cieli pre v\u0161etky n\u00e1rody, bol odmietnut\u00fd. Len\u017ee vzdanie sa najvy\u0161\u0161ieho cie\u013ea, kv\u00f4li \u010diastkov\u00fdm cie\u013eom, alebo ziskom, v\u017edy viedlo k\u00a0bl\u00fadeniu.<\/p>\n\n\n\n<p><strong>My <\/strong>sa dnes tie\u017e mus\u00edme a m\u00e1me p\u00fdta\u0165: Ak\u00fd je ten n\u00e1\u0161 najvy\u0161\u0161\u00ed cie\u013e? Kto je ten, ktor\u00fd je na\u0161\u00edm vodcom, skuto\u010dn\u00fdm P\u00e1nom , ktor\u00e9mu d\u00f4verujeme na na\u0161ej \u017eivotnej ceste a&nbsp;od ktor\u00e9ho o\u010dak\u00e1vame, \u017ee n\u00e1s v\u017edy privedie k&nbsp;&nbsp;dobr\u00fdm cie\u013eom? Biblicky povedan\u00e9: na zelen\u00e9 pastvy a&nbsp;vod\u00e1m osvie\u017euj\u00facim a \u017eiv\u00fdm?<\/p>\n\n\n\n<p>\u010ciastkov\u00fdm cie\u013eom v&nbsp;na\u0161om \u017eivote bolo iste dosiahnutie n\u00e1bo\u017eenskej a&nbsp;n\u00e1rodnej slobody, samostatnosti a&nbsp;mieru, v&nbsp;ktorom mo\u017eno pokojne pracova\u0165 a&nbsp;dosahova\u0165 primeran\u00fa prosperitu, pravda, nie iba niektor\u00ed vyvolen\u00ed, ale v\u0161etci \u013eudia. Mnoh\u00e9 sme u\u017e dosiahli \u2013 a&nbsp;tu sa dnes mus\u00edme p\u00fdta\u0165 t\u00fdmi slovami onoho kres\u0165ana spomenut\u00e9ho na \u00favod: A&nbsp;potom? \u010co chceme dosiahnu\u0165 potom, ke\u010f u\u017e v\u0161eli\u010do m\u00e1me a&nbsp;mo\u017eno e\u0161te viac budeme ma\u0165? Ak\u00fd je n\u00e1\u0161 skuto\u010dn\u00fd a&nbsp;prav\u00fd cie\u013e, ktor\u00fd nechceme strati\u0165 z&nbsp;mysle a&nbsp;z&nbsp;duchovn\u00e9ho obzoru?<\/p>\n\n\n\n<p>Dnes sa u\u017e nikto nemus\u00ed b\u00e1\u0165 chodi\u0165 na Slu\u017eby Bo\u017eie. Ka\u017ed\u00fd m\u00f4\u017ee \u00eds\u0165 slobodne a&nbsp;nem\u00f4\u017ee sa vyhov\u00e1ra\u0165, \u017ee na\u0161e deti nevezm\u00fa do \u0161k\u00f4l, alebo do zamestnania, ako sa na to pam\u00e4t\u00e1me z&nbsp;minulosti. Kres\u0165ania nemaj\u00fa s\u00edce nijak\u00e9 v\u00fdhody, ale u&nbsp;n\u00e1s u\u017e nikto nemus\u00ed ma\u0165 strach prizna\u0165 sa k&nbsp;cirkvi, vyzna\u0165 evanjelicko-kres\u0165ansk\u00fa vieru, alebo \u017ei\u0165 inak, ako mo\u017eno \u017eije a&nbsp;kon\u00e1 tento svet.<\/p>\n\n\n\n<p>A&nbsp;predsa, akoby sa mnoh\u00ed evanjelici b\u00e1li. \u010coho?- Boja sa v\u00e1\u017ene vzia\u0165 svoje kres\u0165anstvo, svoje dobr\u00e9 a&nbsp;osved\u010den\u00e9 trad\u00edcie, mnoh\u00ed sa boja vztiahnu\u0165 d\u00f4sledky svojich vlastn\u00fdch, dobrovo\u013en\u00fdch s\u013eubov krstn\u00fdch, konfirma\u010dn\u00fdch, sob\u00e1\u0161nych a&nbsp;in\u00fdch pre svoj ka\u017edodenn\u00fd \u017eivot. Mnoh\u00ed sa boja, \u010di hanbia opusti\u0165 star\u00fd sp\u00f4sob \u017eivota a&nbsp;vzda\u0165 sa falo\u0161n\u00fdch bohov a&nbsp;b\u00f4\u017eikov.<\/p>\n\n\n\n<p>Pre\u010do je to? Netvrd\u00edm, \u017ee na\u0161i dne\u0161n\u00ed politick\u00ed vodcovia a predstavitelia s\u00fa nejak\u00fdm vzorom a&nbsp;pr\u00edkladom. Ani to, \u017ee sa pr\u00e1vo a&nbsp;spravodlivos\u0165 prisluhuje v\u0161etk\u00fdm rovnako. Ako kres\u0165ania st\u00e1le m\u00f4\u017eeme c\u00edti\u0165 ak\u00e9si poh\u0155danie a&nbsp;aj obmedzovanie \u2013 \u010do zjavne vid\u00edme v&nbsp;cirkevnom \u0161kolstve, alebo v&nbsp;cirkevnej soci\u00e1lnej pr\u00e1ci.<\/p>\n\n\n\n<p>Av\u0161ak to najhor\u0161ie je, \u017ee si to star\u00e9 myslenie, ak\u00e9si jarmo strachu vzda\u0165 sa star\u00fdch n\u00e1vykov, \u017ee treba ma\u0165 \u0161irok\u00e9 lakte, ma\u0165 bezbreh\u00e9 svedomie, alebo presved\u010denie, \u017ee by\u0165 slu\u0161n\u00fdm, poctiv\u00fdm a&nbsp;pokorn\u00fdm sa neopl\u00e1ca. Najm\u00e4 v\u0161ak je to ned\u00f4vera vo\u010di sam\u00e9mu Bohu ako n\u00e1\u0161mu Otcovi a&nbsp;k&nbsp;Je\u017ei\u0161ovi Kristovi, ktor\u00fd vst\u00fapil na nebes\u00e1, aby bol s&nbsp;nami v\u017edy a&nbsp;v\u0161ade. T\u00e1to ned\u00f4vera je v&nbsp;srdciach mnoh\u00fdch \u013eud\u00ed. Je to len preto, \u017ee P\u00e1na Je\u017ei\u0161a Krista telesn\u00fdm zrakom dnes nevidia, alebo Jeho zas\u013e\u00fabeniu, \u017ee On je a&nbsp;bude s nami, na vlastn\u00fa \u0161kodu, neveria?<\/p>\n\n\n\n<p>Samozrejme, tak\u00e1to ned\u00f4vera je s\u00fastavne rozsievan\u00e1 t\u00fdm star\u00fdm nepriate\u013eom a&nbsp;jeho prisluhova\u010dmi na ka\u017edom mieste. Mnoh\u00ed sa duchovne nechali poviaza\u0165 diablovi, a nedali sa Kristovi vyslobodi\u0165, aby boli Jeho, aby Jemu sl\u00fa\u017eili v&nbsp;sv\u00e4tosti a&nbsp;spravodlivosti.<\/p>\n\n\n\n<p>Na druhej strane obdivujeme dnes kres\u0165anov \u017eij\u00facich v&nbsp;moslimsk\u00fdch krajin\u00e1ch, kde s\u00fa nielen utl\u00e1\u010dan\u00ed, ale aj vra\u017eden\u00ed, alebo vyh\u00e1\u0148an\u00ed zo svojich domov a&nbsp;miest. Iste n\u00e1s musela priam \u0161okova\u0165 spr\u00e1va, \u017ee na ceste ute\u010dencov z&nbsp;Afriky za slobodou a&nbsp;lep\u0161\u00edm \u017eivotom do Eur\u00f3py, mohamed\u00e1ni kres\u0165anov vyhadzovali z&nbsp;lode do mora.<\/p>\n\n\n\n<p>Povzbudenie, ktor\u00e9 po\u010dujeme z\u00a0P\u00edsma nie je slovo \u010dloveka, ktor\u00fd je nejak\u00fd hrdina, alebo odv\u00e1\u017eny bojovn\u00edk. Je to slovo \u017eiv\u00e9ho Boha, ktor\u00fd hovoril k\u00a0Moj\u017ei\u0161ovi, k\u00a0J\u00f3zuovi a\u00a0potom v\u00a0Je\u017ei\u0161ovi v\u0161etk\u00fdm \u013eu\u010fom a n\u00e1rodom<em>: \u201eNeboj sa a\u00a0nemaj strach\u201c!<\/em> Kristus P\u00e1n je Vodcom, ktor\u00fd i\u0161iel tou naj\u0165a\u017e\u0161ou cestou pred nami. Pre\u0161iel utrpen\u00edm, zlomil moc smrti a\u00a0otvoril br\u00e1ny z\u00e1hrobia. M\u00e1 k\u013e\u00fa\u010de smrti a\u00a0podsvetia. Preto si vieme a\u00a0m\u00f4\u017eeme odpoveda\u0165 aj na ot\u00e1zku: \u010co bude potom? &#8211; Po na\u0161ej skon\u010denej \u017eivotnej ceste, po na\u0161om zemskom putovan\u00ed a\u00a0po na\u0161ej smrti. Odi\u0161iel a\u00a0vst\u00fapil na nebo, aby n\u00e1m pripravil miesto, aby sme mohli by\u0165 s\u00a0N\u00edm ve\u010dne.<\/p>\n\n\n\n<p>Aj pre dne\u0161ok a\u00a0na\u0161e teraj\u0161iu \u017eivotn\u00fa cestu plat\u00ed Jeho s\u013eub, ako ho tlmo\u010d\u00ed evanjelista J\u00e1n<em>: \u201eAk ma milujete, zachov\u00e1vajte moje prik\u00e1zania. A\u00a0ja budem prosi\u0165 Otca, a\u00a0d\u00e1 v\u00e1m in\u00e9ho radcu, aby bol s\u00a0vami a\u017e naveky, &#8211; Ducha pravdy, ktor\u00e9ho svet nem\u00f4\u017ee prija\u0165, preto\u017ee Ho nevid\u00ed, ani nezn\u00e1. Vy Ho zn\u00e1te, preto\u017ee pri v\u00e1s ost\u00e1va a\u00a0bude vo v\u00e1s\u201c. (J\u00e1n 14, 15-17) <\/em>O\u00a0tom, \u017ee je toto zas\u013e\u00fabenie pravdiv\u00e9, \u017ee Je\u017ei\u0161 d\u00e1va svojho Ducha Sv\u00e4t\u00e9ho t\u00fdm, ktor\u00ed Ho prosia, sved\u010dia Bo\u017eie cesty, skutky a\u00a0s\u00fady z\u00a0dej\u00edn, ale aj z\u00a0pr\u00edtomnosti.<\/p>\n\n\n\n<p>Ide o&nbsp;to, aby sme vedeli koho a&nbsp;v&nbsp;mene koho m\u00e1me prosi\u0165 o&nbsp;dary Ducha Sv\u00e4t\u00e9ho. priamo Nemus\u00edme to robi\u0165 prostredn\u00edctvom in\u00fdch \u013eud\u00ed a pr\u00edmluvcov, ale smieme priamo hovori\u0165 k&nbsp;Tomu, ktor\u00fd sa stal na\u0161\u00edm Prostredn\u00edkom a&nbsp;Pr\u00edmluvcom v&nbsp;nebesiach. Pevne verme v&nbsp;ten cie\u013e, o&nbsp;ktorom hovor\u00ed On a&nbsp;na ktor\u00fd n\u00e1s upozor\u0148uje osl\u00e1ven\u00fd Je\u017ei\u0161 Kristus.<\/p>\n\n\n\n<p>Na\u0161\u00edm najvy\u0161\u0161\u00edm cie\u013eom preto nie je iba budovanie kres\u0165ansk\u00e9ho Slovenska, na\u0161ej domoviny. Najm\u00e4 nie v\u0161ak Slovenska, ktor\u00e9 bude \u201eregnum Marianum\u201c, alebo krajinou plnej intolerancie. Krajinou, z&nbsp;ktorej budeme vyh\u00e1\u0148a\u0165 raz tak\u00fdch, raz onak\u00fdch \u013eud\u00ed, na ktor\u00fdch sme vraj v\u017edy len \u201edopl\u00e1cali\u201c. Na\u0161\u00edm cie\u013eom iste nie je ani n\u00e1vrat k&nbsp;ned\u00e1vnej minulosti, o&nbsp;ktorej niektor\u00ed nehanebne vyhlasuj\u00fa, \u017ee to bol prav\u00fd \u201ezemsk\u00fd raj\u201c a&nbsp;preto sa n\u00e1m treba vr\u00e1ti\u0165 k&nbsp;t\u00fdmto \u201eegyptsk\u00fdm hrncom pln\u00fdm m\u00e4sa\u201c spred 26-tich rokov. Na\u0161\u00edm P\u00e1nom, ktor\u00e9mu plne d\u00f4verujeme a&nbsp;ktor\u00fd n\u00e1s dnes i&nbsp;zajtra bezpe\u010die vedie k&nbsp;dobr\u00e9mu cie\u013eu nech nie je \u010dlovek, alebo skupina \u013eud\u00ed, ani mocnosti, ale s\u00e1m Kristus .On je a&nbsp;zost\u00e1va na\u0161\u00edm Spasite\u013eom, ktor\u00fd hovor\u00ed: <em>\u201eKe\u010f v\u00e1s teda Kristus vyslobod\u00ed, budete skuto\u010dne slobodn\u00ed\u201c. Amen<\/em><\/p>\n\n\n\n<p><em>&nbsp;&nbsp;&nbsp;&nbsp; &nbsp;&nbsp;&nbsp;&nbsp;&nbsp;&nbsp;&nbsp;&nbsp;&nbsp;&nbsp;&nbsp;&nbsp;&nbsp;&nbsp;&nbsp;&nbsp;&nbsp;&nbsp;&nbsp;&nbsp;&nbsp;Nede\u013ea po Vst\u00fapen\u00ed. Exaudi \u2013 Ko\u0161arisk\u00e1 2015 \u2013 \u013dubom\u00edr Batka st.<\/em><\/p>\n","protected":false},"excerpt":{"rendered":"<p>&nbsp;&nbsp;&nbsp;&nbsp;&nbsp;&nbsp;&nbsp;&nbsp;&nbsp;&nbsp;&nbsp;&nbsp;&nbsp;&nbsp;&nbsp;&nbsp;&nbsp;&nbsp;&nbsp;&nbsp;&nbsp;&nbsp;&nbsp;&nbsp;&nbsp;&nbsp;&nbsp;&nbsp;&nbsp;&nbsp;&nbsp;&nbsp; &nbsp;&nbsp;&nbsp;&nbsp;Neboj sa a&nbsp;nemaj strach! S\u00e1m Pane Kriste, ve\u010f n\u00e1s, ve\u010f, Hoc pln\u00ed sa i&nbsp;predpove\u010f o&nbsp;utrpen\u00ed&#8230; &#8211; Ty osl\u00e1ven\u00fd bu\u010f pomocou v tomto svete bied. &nbsp; Ute\u0161ite\u013ea po\u0161li n\u00e1m, Svie\u0165 pravdou na\u0161\u00edm dolin\u00e1m, U\u017e zlu sa prie\u010di\u0165, o&nbsp;Tebe sved\u010di\u0165- A&nbsp;niekdy ve\u010f n\u00e1s k&nbsp;v\u00fd\u0161in\u00e1m! Amen (M.R.) 5 Moj\u017ei\u0161ova 31, 6-8: \u201eBu\u010fte mocn\u00ed a&nbsp;udatn\u00ed, nebojte sa, ani &#8230; <a title=\"Neboj sa nemaj strach!\" class=\"read-more\" href=\"https:\/\/www.e-anjelik.sk\/index.php\/2015\/05\/19\/neboj-sa-nemaj-strach\/\" aria-label=\"Pre\u010d\u00edtajte si viac o Neboj sa nemaj strach!\">\u010c\u00edta\u0165 viac<\/a><\/p>\n","protected":false},"author":4,"featured_media":0,"comment_status":"open","ping_status":"open","sticky":false,"template":"","format":"standard","meta":{"footnotes":""},"categories":[557],"tags":[],"class_list":["post-28508","post","type-post","status-publish","format-standard","hentry","category-nedela-po-vstupeni"],"_links":{"self":[{"href":"https:\/\/www.e-anjelik.sk\/index.php\/wp-json\/wp\/v2\/posts\/28508","targetHints":{"allow":["GET"]}}],"collection":[{"href":"https:\/\/www.e-anjelik.sk\/index.php\/wp-json\/wp\/v2\/posts"}],"about":[{"href":"https:\/\/www.e-anjelik.sk\/index.php\/wp-json\/wp\/v2\/types\/post"}],"author":[{"embeddable":true,"href":"https:\/\/www.e-anjelik.sk\/index.php\/wp-json\/wp\/v2\/users\/4"}],"replies":[{"embeddable":true,"href":"https:\/\/www.e-anjelik.sk\/index.php\/wp-json\/wp\/v2\/comments?post=28508"}],"version-history":[{"count":2,"href":"https:\/\/www.e-anjelik.sk\/index.php\/wp-json\/wp\/v2\/posts\/28508\/revisions"}],"predecessor-version":[{"id":38320,"href":"https:\/\/www.e-anjelik.sk\/index.php\/wp-json\/wp\/v2\/posts\/28508\/revisions\/38320"}],"wp:attachment":[{"href":"https:\/\/www.e-anjelik.sk\/index.php\/wp-json\/wp\/v2\/media?parent=28508"}],"wp:term":[{"taxonomy":"category","embeddable":true,"href":"https:\/\/www.e-anjelik.sk\/index.php\/wp-json\/wp\/v2\/categories?post=28508"},{"taxonomy":"post_tag","embeddable":true,"href":"https:\/\/www.e-anjelik.sk\/index.php\/wp-json\/wp\/v2\/tags?post=28508"}],"curies":[{"name":"wp","href":"https:\/\/api.w.org\/{rel}","templated":true}]}}