{"id":2851,"date":"2010-05-25T10:36:52","date_gmt":"2010-05-25T10:36:52","guid":{"rendered":"http:\/\/e-anjelik.sk\/?p=2851"},"modified":"2010-05-25T10:36:52","modified_gmt":"2010-05-25T10:36:52","slug":"to-su-ale-starosti","status":"publish","type":"post","link":"https:\/\/www.e-anjelik.sk\/index.php\/2010\/05\/25\/to-su-ale-starosti\/","title":{"rendered":"To s\u00fa ale starosti !!!"},"content":{"rendered":"<p>&Scaron;v&eacute;dske m&eacute;dia v posledn&eacute; dni pretriasaj&uacute; jeden &quot;probl&eacute;m&quot; pri sob&aacute;&scaron;i korunnej princeznej Victorie 19. j&uacute;na t.r. Princezn&aacute; si toti\u017e zaumienila, \u017ee k olt&aacute;ru ju povede jej tatko &#8211; kr&aacute;\u013e Gustav XVI. Adolf. To sa ale nep&aacute;\u010di mnoh&yacute;m &Scaron;v&eacute;dom, lebo to naru&scaron;uje &scaron;v&eacute;dsku trad&iacute;ciu sob&aacute;&scaron;n&yacute;ch obradov. Mnoh&iacute; hovoria o amerikaniz&aacute;cii. Vo &Scaron;v&eacute;dsku toti\u017e pristupuje k olt&aacute;ru mlad&yacute; p&aacute;r spolo\u010dne,t. mladucha a \u017een&iacute;ch. Dokonca 9 duchovn&yacute;ch z diec&eacute;zy Lund poslalo osobn&yacute; list princeznej a \u017eiadalo ju,aby si to rozmyslela. Dne&scaron;n&aacute; tla\u010d prin&aacute;&scaron;a spr&aacute;vu, \u017ee princezn&aacute; trv&aacute; na svojom predsavzat&iacute; a bude ju doprev&aacute;dza\u0165 otec.<\/p>\n<p>(www<a href=\"http:\/\/www.dagem.se\">.dagem.se<\/a>)<\/p>\n","protected":false},"excerpt":{"rendered":"<p>&Scaron;v&eacute;dske m&eacute;dia v posledn&eacute; dni pretriasaj&uacute; jeden &quot;probl&eacute;m&quot; pri sob&aacute;&scaron;i korunnej princeznej Victorie 19. j&uacute;na t.r. Princezn&aacute; si toti\u017e zaumienila, \u017ee k olt&aacute;ru ju povede jej tatko &#8211; kr&aacute;\u013e Gustav XVI. Adolf. To sa ale nep&aacute;\u010di mnoh&yacute;m &Scaron;v&eacute;dom, lebo to naru&scaron;uje &scaron;v&eacute;dsku trad&iacute;ciu sob&aacute;&scaron;n&yacute;ch obradov. Mnoh&iacute; hovoria o amerikaniz&aacute;cii. Vo &Scaron;v&eacute;dsku toti\u017e pristupuje k olt&aacute;ru &#8230; <a title=\"To s\u00fa ale starosti !!!\" class=\"read-more\" href=\"https:\/\/www.e-anjelik.sk\/index.php\/2010\/05\/25\/to-su-ale-starosti\/\" aria-label=\"Pre\u010d\u00edtajte si viac o To s\u00fa ale starosti !!!\">\u010c\u00edta\u0165 viac<\/a><\/p>\n","protected":false},"author":22,"featured_media":0,"comment_status":"open","ping_status":"open","sticky":false,"template":"","format":"standard","meta":{"footnotes":""},"categories":[1,14],"tags":[],"class_list":["post-2851","post","type-post","status-publish","format-standard","hentry","category-adventna-modlitba","category-osobnosti"],"_links":{"self":[{"href":"https:\/\/www.e-anjelik.sk\/index.php\/wp-json\/wp\/v2\/posts\/2851","targetHints":{"allow":["GET"]}}],"collection":[{"href":"https:\/\/www.e-anjelik.sk\/index.php\/wp-json\/wp\/v2\/posts"}],"about":[{"href":"https:\/\/www.e-anjelik.sk\/index.php\/wp-json\/wp\/v2\/types\/post"}],"author":[{"embeddable":true,"href":"https:\/\/www.e-anjelik.sk\/index.php\/wp-json\/wp\/v2\/users\/22"}],"replies":[{"embeddable":true,"href":"https:\/\/www.e-anjelik.sk\/index.php\/wp-json\/wp\/v2\/comments?post=2851"}],"version-history":[{"count":0,"href":"https:\/\/www.e-anjelik.sk\/index.php\/wp-json\/wp\/v2\/posts\/2851\/revisions"}],"wp:attachment":[{"href":"https:\/\/www.e-anjelik.sk\/index.php\/wp-json\/wp\/v2\/media?parent=2851"}],"wp:term":[{"taxonomy":"category","embeddable":true,"href":"https:\/\/www.e-anjelik.sk\/index.php\/wp-json\/wp\/v2\/categories?post=2851"},{"taxonomy":"post_tag","embeddable":true,"href":"https:\/\/www.e-anjelik.sk\/index.php\/wp-json\/wp\/v2\/tags?post=2851"}],"curies":[{"name":"wp","href":"https:\/\/api.w.org\/{rel}","templated":true}]}}