{"id":28546,"date":"2015-05-29T09:50:56","date_gmt":"2015-05-29T07:50:56","guid":{"rendered":"http:\/\/www.evanjelik.sk\/?p=28546"},"modified":"2015-05-29T09:50:56","modified_gmt":"2015-05-29T07:50:56","slug":"synoda-evanjelicko-luteranskych-cirkvi-ukrajiny","status":"publish","type":"post","link":"https:\/\/www.e-anjelik.sk\/index.php\/2015\/05\/29\/synoda-evanjelicko-luteranskych-cirkvi-ukrajiny\/","title":{"rendered":"Synoda evanjelicko-luter\u00e1nskych cirkv\u00ed Ukrajiny"},"content":{"rendered":"<p>Na Ukrajine p\u00f4sob\u00ed nieko\u013eko evanjelicko-luter\u00e1nskych cirkv\u00ed. Najv\u00e4\u010d\u0161ia z nich je Nemeck\u00e1 (DELKU),\u00a0\u00a0nasleduje Ukrajinsk\u00e1 luter\u00e1nska cirkev s byzantsk\u00fdm obradom a kalend\u00e1rom a vy\u0161e 500 \u010dlenov m\u00e1 Synoda evanjelicko-luter\u00e1nskych cirkv\u00ed Ukrajiny. Vznikla v roku 1996, kedy vtedaj\u0161\u00ed arcibiskup Georg Kretschmar chcel v ELKRAS uvies\u0165 ordinovanie \u017eien. Vzoprel sa mu superintendent Viktor Gr\u00e4fenstein. Zlo\u017eil funkciu a vyst\u00fapil z ELKRAS. Nasledovalo ho nieko\u013eko cirkevn\u00fdch zborov na Ukrajine, ku ktor\u00fdm sa neskor\u0161ie pridali \u010fal\u0161ie z bratskej trad\u00edcie (pietistick\u00e9ho smeru). Cirkevn\u00e9 teleso malo n\u00e1zov Zdru\u017eenie bratsk\u00fdch evanjelicko-luter\u00e1nskych cirkv\u00ed Ukrajiny. Superintendentom sa stal V. Gr\u00e4fenstein. V r. 2006 sa zdru\u017eenie premenovalo na Synodu Evanjelicko &#8211; luter\u00e1nskych cirkv\u00ed Ukrajiny. Biskupom sa stal op\u00e4\u0165 V. Gr\u00e4fenstein. Synoda m\u00e1 13 cirkevn\u00fdch zborov v mest\u00e1ch a nieko\u013ek\u00fdch dedin\u00e1ch. Od r. 2010 m\u00e1 vlastn\u00fd teologick\u00fd semin\u00e1r Svornos\u0165\u00a0v obci Usatovo. Semin\u00e1r ved\u00fa Kana\u010fania.\u00a0Synoda pracuje misijne s de\u0165mi a ml\u00e1de\u017eou. Partnerstvo udr\u017euje s Lutheran Church Canada ( mis\u00farsky smer). T\u00e1to pom\u00e1ha finan\u010dne, vo v\u00fdchove a vzdel\u00e1van\u00ed . Cirkevn\u00e9 zbory s\u00fa autonomn\u00e9 ako u kongregacionalistov. \u00a0V r. 2014 bol zvolen\u00fd nov\u00fd biskup &#8211; Alexander Jur\u010denko.\u00a0Synoda je charakterizovan\u00e1 ako konfesijn\u00e1 , z\u00e1kladom je Kniha svornost\u00ed a\u00a0pietistick\u00e1.<\/p>\n<p>&nbsp;<\/p>\n<p><a class=\"image\" href=\"https:\/\/commons.wikimedia.org\/wiki\/File:SELCU_Seminry.jpg?uselang=ru\"><img loading=\"lazy\" decoding=\"async\" src=\"https:\/\/upload.wikimedia.org\/wikipedia\/commons\/thumb\/c\/cf\/SELCU_Seminry.jpg\/300px-SELCU_Seminry.jpg\" srcset=\"\/\/upload.wikimedia.org\/wikipedia\/commons\/thumb\/c\/cf\/SELCU_Seminry.jpg\/450px-SELCU_Seminry.jpg 1.5x, \/\/upload.wikimedia.org\/wikipedia\/commons\/c\/cf\/SELCU_Seminry.jpg 2x\" alt=\"SELCU Seminry.jpg\" width=\"300\" height=\"208\" data-file-width=\"538\" data-file-height=\"373\" \/><\/a>\u00a0 Teologick\u00fd semin\u00e1r Svornos\u0165 v Usatove, Odesk\u00e1 oblas\u0165<\/p>\n<p><a id=\"irc_mil\" href=\"https:\/\/ru.wikipedia.org\/wiki\/%D0%A1%D0%B8%D0%BD%D0%BE%D0%B4_%D0%B5%D0%B2%D0%B0%D0%BD%D0%B3%D0%B5%D0%BB%D0%B8%D1%87%D0%B5%D1%81%D0%BA%D0%BE-%D0%BB%D1%8E%D1%82%D0%B5%D1%80%D0%B0%D0%BD%D1%81%D0%BA%D0%B8%D1%85_%D1%86%D0%B5%D1%80%D0%BA%D0%B2%D0%B5%D0%B9_%D0%A3%D0%BA%D1%80%D0%B0%D0%B8%D0%BD%D1%8B\" data-ved=\"0CAcQjRw\"><img loading=\"lazy\" decoding=\"async\" id=\"irc_mi\" src=\"https:\/\/upload.wikimedia.org\/wikipedia\/commons\/thumb\/7\/7d\/Victor_Greafenstein.jpg\/220px-Victor_Greafenstein.jpg\" alt=\"\" width=\"220\" height=\"305\" \/><\/a>\u00a0 Biskup Alexander Jur\u010denko<\/p>\n<p>&nbsp;<\/p>\n<p>(ru.wikipedia.org)<\/p>\n","protected":false},"excerpt":{"rendered":"<p>Na Ukrajine p\u00f4sob\u00ed nieko\u013eko evanjelicko-luter\u00e1nskych cirkv\u00ed. Najv\u00e4\u010d\u0161ia z nich je Nemeck\u00e1 (DELKU),\u00a0\u00a0nasleduje Ukrajinsk\u00e1 luter\u00e1nska cirkev s byzantsk\u00fdm obradom a kalend\u00e1rom a vy\u0161e 500 \u010dlenov m\u00e1 Synoda evanjelicko-luter\u00e1nskych cirkv\u00ed Ukrajiny. Vznikla v roku 1996, kedy vtedaj\u0161\u00ed arcibiskup Georg Kretschmar chcel v ELKRAS uvies\u0165 ordinovanie \u017eien. Vzoprel sa mu superintendent Viktor Gr\u00e4fenstein. Zlo\u017eil funkciu a vyst\u00fapil z &#8230; <a title=\"Synoda evanjelicko-luter\u00e1nskych cirkv\u00ed Ukrajiny\" class=\"read-more\" href=\"https:\/\/www.e-anjelik.sk\/index.php\/2015\/05\/29\/synoda-evanjelicko-luteranskych-cirkvi-ukrajiny\/\" aria-label=\"Pre\u010d\u00edtajte si viac o Synoda evanjelicko-luter\u00e1nskych cirkv\u00ed Ukrajiny\">\u010c\u00edta\u0165 viac<\/a><\/p>\n","protected":false},"author":2,"featured_media":0,"comment_status":"open","ping_status":"open","sticky":false,"template":"","format":"standard","meta":{"footnotes":""},"categories":[1],"tags":[],"class_list":["post-28546","post","type-post","status-publish","format-standard","hentry","category-adventna-modlitba"],"_links":{"self":[{"href":"https:\/\/www.e-anjelik.sk\/index.php\/wp-json\/wp\/v2\/posts\/28546","targetHints":{"allow":["GET"]}}],"collection":[{"href":"https:\/\/www.e-anjelik.sk\/index.php\/wp-json\/wp\/v2\/posts"}],"about":[{"href":"https:\/\/www.e-anjelik.sk\/index.php\/wp-json\/wp\/v2\/types\/post"}],"author":[{"embeddable":true,"href":"https:\/\/www.e-anjelik.sk\/index.php\/wp-json\/wp\/v2\/users\/2"}],"replies":[{"embeddable":true,"href":"https:\/\/www.e-anjelik.sk\/index.php\/wp-json\/wp\/v2\/comments?post=28546"}],"version-history":[{"count":0,"href":"https:\/\/www.e-anjelik.sk\/index.php\/wp-json\/wp\/v2\/posts\/28546\/revisions"}],"wp:attachment":[{"href":"https:\/\/www.e-anjelik.sk\/index.php\/wp-json\/wp\/v2\/media?parent=28546"}],"wp:term":[{"taxonomy":"category","embeddable":true,"href":"https:\/\/www.e-anjelik.sk\/index.php\/wp-json\/wp\/v2\/categories?post=28546"},{"taxonomy":"post_tag","embeddable":true,"href":"https:\/\/www.e-anjelik.sk\/index.php\/wp-json\/wp\/v2\/tags?post=28546"}],"curies":[{"name":"wp","href":"https:\/\/api.w.org\/{rel}","templated":true}]}}