{"id":28548,"date":"2015-06-01T09:55:39","date_gmt":"2015-06-01T07:55:39","guid":{"rendered":"http:\/\/www.evanjelik.sk\/?p=28548"},"modified":"2015-06-01T09:55:39","modified_gmt":"2015-06-01T07:55:39","slug":"novy-biskup-v-sasku-nemecko","status":"publish","type":"post","link":"https:\/\/www.e-anjelik.sk\/index.php\/2015\/06\/01\/novy-biskup-v-sasku-nemecko\/","title":{"rendered":"Nov\u00fd biskup v Sasku, Nemecko"},"content":{"rendered":"<p>Synod\u00e1li Evanjelicko-luter\u00e1nskej krajinskej cirkvi Saska v nede\u013eu 31. m\u00e1ja\u00a02015 v \u0161iestom kole volieb za nov\u00e9ho biskupa tejto cirkvi zvolili 47 ro\u010dn\u00e9ho far\u00e1ra z Marktneukirchner\u00a0 Carstena Rentzinga. Zo 78 platn\u00fdch hlasov z\u00edskal 40. Protikandid\u00e1ti boli: Dietrich Bauer, Tobias Bilz a \u00a0Margrit Klatte. Nov\u00fd biskup je \u010dinn\u00fd ako \u010dlen synody svojej cirkvi , ale bol aj viceprezidentom Spojenej ev . luter\u00e1nskej cirkvi Nemecka (VELKD). Je \u017eenat\u00fd s far\u00e1rkou M\u00e1riou Rentzigovou\u00a0. Spolu maj\u00fa 4 deti. Vo funkcii nahrad\u00ed doteraj\u0161ieho biskupa Jochena Bohla, ktor\u00fd odch\u00e1dza do d\u00f4chodku. In\u0161tal\u00e1cia nov\u00e9ho biskupa bude 29. augusta v Kreuzkirche\u00a0 v Dr\u00e1\u017e\u010fanoch.<\/p>\n<p><img loading=\"lazy\" decoding=\"async\" src=\"http:\/\/www.evlks.de\/img\/content\/LB-des-Rentzing-Giersch-250-MSG_5709.jpg\" alt=\"Bild: Dr. Carsten Rentzing stellt sich der \u00d6ffentlichkeit\" width=\"250\" height=\"200\" border=\"0\" \/>\u00a0 Nov\u00fd biskup C.Rentzing<\/p>\n<p>(www.evlks.de)<\/p>\n","protected":false},"excerpt":{"rendered":"<p>Synod\u00e1li Evanjelicko-luter\u00e1nskej krajinskej cirkvi Saska v nede\u013eu 31. m\u00e1ja\u00a02015 v \u0161iestom kole volieb za nov\u00e9ho biskupa tejto cirkvi zvolili 47 ro\u010dn\u00e9ho far\u00e1ra z Marktneukirchner\u00a0 Carstena Rentzinga. Zo 78 platn\u00fdch hlasov z\u00edskal 40. Protikandid\u00e1ti boli: Dietrich Bauer, Tobias Bilz a \u00a0Margrit Klatte. Nov\u00fd biskup je \u010dinn\u00fd ako \u010dlen synody svojej cirkvi , ale bol aj viceprezidentom &#8230; <a title=\"Nov\u00fd biskup v Sasku, Nemecko\" class=\"read-more\" href=\"https:\/\/www.e-anjelik.sk\/index.php\/2015\/06\/01\/novy-biskup-v-sasku-nemecko\/\" aria-label=\"Pre\u010d\u00edtajte si viac o Nov\u00fd biskup v Sasku, Nemecko\">\u010c\u00edta\u0165 viac<\/a><\/p>\n","protected":false},"author":2,"featured_media":0,"comment_status":"open","ping_status":"open","sticky":false,"template":"","format":"standard","meta":{"footnotes":""},"categories":[1],"tags":[],"class_list":["post-28548","post","type-post","status-publish","format-standard","hentry","category-adventna-modlitba"],"_links":{"self":[{"href":"https:\/\/www.e-anjelik.sk\/index.php\/wp-json\/wp\/v2\/posts\/28548","targetHints":{"allow":["GET"]}}],"collection":[{"href":"https:\/\/www.e-anjelik.sk\/index.php\/wp-json\/wp\/v2\/posts"}],"about":[{"href":"https:\/\/www.e-anjelik.sk\/index.php\/wp-json\/wp\/v2\/types\/post"}],"author":[{"embeddable":true,"href":"https:\/\/www.e-anjelik.sk\/index.php\/wp-json\/wp\/v2\/users\/2"}],"replies":[{"embeddable":true,"href":"https:\/\/www.e-anjelik.sk\/index.php\/wp-json\/wp\/v2\/comments?post=28548"}],"version-history":[{"count":0,"href":"https:\/\/www.e-anjelik.sk\/index.php\/wp-json\/wp\/v2\/posts\/28548\/revisions"}],"wp:attachment":[{"href":"https:\/\/www.e-anjelik.sk\/index.php\/wp-json\/wp\/v2\/media?parent=28548"}],"wp:term":[{"taxonomy":"category","embeddable":true,"href":"https:\/\/www.e-anjelik.sk\/index.php\/wp-json\/wp\/v2\/categories?post=28548"},{"taxonomy":"post_tag","embeddable":true,"href":"https:\/\/www.e-anjelik.sk\/index.php\/wp-json\/wp\/v2\/tags?post=28548"}],"curies":[{"name":"wp","href":"https:\/\/api.w.org\/{rel}","templated":true}]}}