{"id":28553,"date":"2015-06-03T09:47:10","date_gmt":"2015-06-03T07:47:10","guid":{"rendered":"http:\/\/www.evanjelik.sk\/?p=28553"},"modified":"2015-06-03T09:47:10","modified_gmt":"2015-06-03T07:47:10","slug":"pohrebna-rozlucka-so-sestrou-evou-buncakovou-rod-nebeskou","status":"publish","type":"post","link":"https:\/\/www.e-anjelik.sk\/index.php\/2015\/06\/03\/pohrebna-rozlucka-so-sestrou-evou-buncakovou-rod-nebeskou\/","title":{"rendered":"Pohrebn\u00e1 rozl\u00fa\u010dka so sestrou Evou Bun\u010d\u00e1kovou, rod Nebeskou"},"content":{"rendered":"<p><a href=\"http:\/\/www.evanjelik.sk\/wp-content\/uploads\/2015\/06\/data_6485.jpg\"><img loading=\"lazy\" decoding=\"async\" src=\"http:\/\/www.evanjelik.sk\/wp-content\/uploads\/2015\/06\/data_6485-212x300.jpg\" alt=\"\" width=\"212\" height=\"300\" class=\"alignright size-medium wp-image-28554\" \/><\/a>Bratia a sestry, so sm\u00fatkom v srdci V\u00e1m oznamujeme, \u017ee 31. m\u00e1ja 2015 n\u00e1s opustila na\u0161a matka, star\u00e1 matka a sestra Eva Bun\u010d\u00e1kov\u00e1, rod. Nebesk\u00e1. Pohrebn\u00e1 rozl\u00fa\u010dka s \u0148ou bude 3. j\u00fana 2015 v Ev. a. v. kostole v Bratislave-Prievoze, Radni\u010dn\u00e1 2. <\/p>\n","protected":false},"excerpt":{"rendered":"<p>Bratia a sestry, so sm\u00fatkom v srdci V\u00e1m oznamujeme, \u017ee 31. m\u00e1ja 2015 n\u00e1s opustila na\u0161a matka, star\u00e1 matka a sestra Eva Bun\u010d\u00e1kov\u00e1, rod. Nebesk\u00e1. Pohrebn\u00e1 rozl\u00fa\u010dka s \u0148ou bude 3. j\u00fana 2015 v Ev. a. v. kostole v Bratislave-Prievoze, Radni\u010dn\u00e1 2.<\/p>\n","protected":false},"author":5,"featured_media":0,"comment_status":"open","ping_status":"open","sticky":false,"template":"","format":"standard","meta":{"footnotes":""},"categories":[1,69],"tags":[],"class_list":["post-28553","post","type-post","status-publish","format-standard","hentry","category-adventna-modlitba","category-spominame"],"_links":{"self":[{"href":"https:\/\/www.e-anjelik.sk\/index.php\/wp-json\/wp\/v2\/posts\/28553","targetHints":{"allow":["GET"]}}],"collection":[{"href":"https:\/\/www.e-anjelik.sk\/index.php\/wp-json\/wp\/v2\/posts"}],"about":[{"href":"https:\/\/www.e-anjelik.sk\/index.php\/wp-json\/wp\/v2\/types\/post"}],"author":[{"embeddable":true,"href":"https:\/\/www.e-anjelik.sk\/index.php\/wp-json\/wp\/v2\/users\/5"}],"replies":[{"embeddable":true,"href":"https:\/\/www.e-anjelik.sk\/index.php\/wp-json\/wp\/v2\/comments?post=28553"}],"version-history":[{"count":0,"href":"https:\/\/www.e-anjelik.sk\/index.php\/wp-json\/wp\/v2\/posts\/28553\/revisions"}],"wp:attachment":[{"href":"https:\/\/www.e-anjelik.sk\/index.php\/wp-json\/wp\/v2\/media?parent=28553"}],"wp:term":[{"taxonomy":"category","embeddable":true,"href":"https:\/\/www.e-anjelik.sk\/index.php\/wp-json\/wp\/v2\/categories?post=28553"},{"taxonomy":"post_tag","embeddable":true,"href":"https:\/\/www.e-anjelik.sk\/index.php\/wp-json\/wp\/v2\/tags?post=28553"}],"curies":[{"name":"wp","href":"https:\/\/api.w.org\/{rel}","templated":true}]}}