{"id":28557,"date":"2015-06-04T08:43:11","date_gmt":"2015-06-04T06:43:11","guid":{"rendered":"http:\/\/www.evanjelik.sk\/?p=28557"},"modified":"2015-06-04T08:43:11","modified_gmt":"2015-06-04T06:43:11","slug":"mladi-americki-luterani-idu-do-misie-vo-svete","status":"publish","type":"post","link":"https:\/\/www.e-anjelik.sk\/index.php\/2015\/06\/04\/mladi-americki-luterani-idu-do-misie-vo-svete\/","title":{"rendered":"Mlad\u00ed americk\u00ed luter\u00e1ni id\u00fa do misie vo svete"},"content":{"rendered":"<p>Evanjelick\u00e1 luter\u00e1nska cirkev v Amerike (ELCA) m\u00e1 od roku 1999 program s n\u00e1zvom Young adults with Global Mission ( Mlad\u00ed dospel\u00ed s Glob\u00e1lnou misiou). Ide o ro\u010dn\u00fa slu\u017ebu mlad\u00fdch vo veku 21\u00a0&#8211; 29 rokov\u00a0v partnersk\u00fdch evanjelick\u00fdch cirkv\u00e1ch a organiz\u00e1ciach v zahrani\u010d\u00ed pre oblas\u0165 vzdel\u00e1vania, opatrovate\u013estva, starostlivosti o deti, pomoci vedeniu cirkvi, podpore cirkevn\u00fdch zborov, \u00a0po\u013enohospod\u00e1rstva a pod. Odvtedy sl\u00fa\u017eilo v misii okolo 600 mlad\u00fdch Ameri\u010danov. Tohto roku sa\u00a0 do slu\u017eby prihl\u00e1silo 79 os\u00f4b, \u010do je najv\u00e4\u010d\u0161ia skupina v dejin\u00e1ch.\u00a0V apr\u00edli sa po absolvovan\u00ed osobn\u00fdch pohovorov a vyplnen\u00ed dotazn\u00edka vyber\u00fa vhodn\u00ed kandid\u00e1ti na s\u00fastredenie, kde sa konaj\u00fa workshopy, besedy, medit\u00e1cie , modlitby a bohoslu\u017eby a z\u00edskavaj\u00fa inform\u00e1cie o dan\u00fdch krajin\u00e1ch a oblasti p\u00f4sobenia. Na z\u00e1ver z\u00e1ujemcovia dost\u00e1vaj\u00fa\u00a0 &#8222;umiestenku&#8220; &#8211; konkr\u00e9tne poverenie pre dan\u00fa krajinu. ELCA toho roku vysiela mlad\u00fdch do 9 kraj\u00edn.<\/p>\n<p>(www.elca.org)<\/p>\n","protected":false},"excerpt":{"rendered":"<p>Evanjelick\u00e1 luter\u00e1nska cirkev v Amerike (ELCA) m\u00e1 od roku 1999 program s n\u00e1zvom Young adults with Global Mission ( Mlad\u00ed dospel\u00ed s Glob\u00e1lnou misiou). Ide o ro\u010dn\u00fa slu\u017ebu mlad\u00fdch vo veku 21\u00a0&#8211; 29 rokov\u00a0v partnersk\u00fdch evanjelick\u00fdch cirkv\u00e1ch a organiz\u00e1ciach v zahrani\u010d\u00ed pre oblas\u0165 vzdel\u00e1vania, opatrovate\u013estva, starostlivosti o deti, pomoci vedeniu cirkvi, podpore cirkevn\u00fdch zborov, \u00a0po\u013enohospod\u00e1rstva &#8230; <a title=\"Mlad\u00ed americk\u00ed luter\u00e1ni id\u00fa do misie vo svete\" class=\"read-more\" href=\"https:\/\/www.e-anjelik.sk\/index.php\/2015\/06\/04\/mladi-americki-luterani-idu-do-misie-vo-svete\/\" aria-label=\"Pre\u010d\u00edtajte si viac o Mlad\u00ed americk\u00ed luter\u00e1ni id\u00fa do misie vo svete\">\u010c\u00edta\u0165 viac<\/a><\/p>\n","protected":false},"author":2,"featured_media":0,"comment_status":"open","ping_status":"open","sticky":false,"template":"","format":"standard","meta":{"footnotes":""},"categories":[1],"tags":[],"class_list":["post-28557","post","type-post","status-publish","format-standard","hentry","category-adventna-modlitba"],"_links":{"self":[{"href":"https:\/\/www.e-anjelik.sk\/index.php\/wp-json\/wp\/v2\/posts\/28557","targetHints":{"allow":["GET"]}}],"collection":[{"href":"https:\/\/www.e-anjelik.sk\/index.php\/wp-json\/wp\/v2\/posts"}],"about":[{"href":"https:\/\/www.e-anjelik.sk\/index.php\/wp-json\/wp\/v2\/types\/post"}],"author":[{"embeddable":true,"href":"https:\/\/www.e-anjelik.sk\/index.php\/wp-json\/wp\/v2\/users\/2"}],"replies":[{"embeddable":true,"href":"https:\/\/www.e-anjelik.sk\/index.php\/wp-json\/wp\/v2\/comments?post=28557"}],"version-history":[{"count":0,"href":"https:\/\/www.e-anjelik.sk\/index.php\/wp-json\/wp\/v2\/posts\/28557\/revisions"}],"wp:attachment":[{"href":"https:\/\/www.e-anjelik.sk\/index.php\/wp-json\/wp\/v2\/media?parent=28557"}],"wp:term":[{"taxonomy":"category","embeddable":true,"href":"https:\/\/www.e-anjelik.sk\/index.php\/wp-json\/wp\/v2\/categories?post=28557"},{"taxonomy":"post_tag","embeddable":true,"href":"https:\/\/www.e-anjelik.sk\/index.php\/wp-json\/wp\/v2\/tags?post=28557"}],"curies":[{"name":"wp","href":"https:\/\/api.w.org\/{rel}","templated":true}]}}