{"id":28559,"date":"2015-06-04T09:07:19","date_gmt":"2015-06-04T07:07:19","guid":{"rendered":"http:\/\/www.evanjelik.sk\/?p=28559"},"modified":"2015-06-04T09:07:19","modified_gmt":"2015-06-04T07:07:19","slug":"deti-od-cernobylu-v-nemecku-na-rekreacii","status":"publish","type":"post","link":"https:\/\/www.e-anjelik.sk\/index.php\/2015\/06\/04\/deti-od-cernobylu-v-nemecku-na-rekreacii\/","title":{"rendered":"Deti od \u010cernobylu v Nemecku na rekre\u00e1cii"},"content":{"rendered":"<p>Evanjelick\u00e1 krajinsk\u00e1 luter\u00e1nska cirkev Hannoverska m\u00e1 25. v\u00fdro\u010die pomoci de\u0165om z oblasti \u010cernobylu. Aj teraz autobusom pricestovalo do Doln\u00e9ho Saska na rekre\u00e1ciu 88 det\u00ed a 14 matiek s mal\u00fdmi de\u0165mi. Na akcii sa podie\u013ea 19 cirkevn\u00fdch okrskov z celkov\u00e9ho po\u010dtu 49. Do konca augusta pr\u00edde e\u0161te \u010fal\u0161\u00edch 650 bielorusk\u00fdch host\u00ed\u00a0z o\u017eiaren\u00e9ho \u00fazemia. V\u00fdbuch elektr\u00e1rne nastal v roku 1986. Cirkev od roku 1991 takto pomohla vy\u0161e 25 tis\u00edcom \u013eud\u00ed. Pote\u0161ite\u013en\u00e9 je, \u017ee hostite\u013esk\u00e9 rodiny v Nemecku ost\u00e1vaj\u00fa aj po n\u00e1v\u0161teve trvale v kontakte s nov\u00fdmi zn\u00e1mymi a sleduj\u00fa ich \u017eivotn\u00fd osud.<\/p>\n<p>(www.landeskirche-hannovers.de)<\/p>\n","protected":false},"excerpt":{"rendered":"<p>Evanjelick\u00e1 krajinsk\u00e1 luter\u00e1nska cirkev Hannoverska m\u00e1 25. v\u00fdro\u010die pomoci de\u0165om z oblasti \u010cernobylu. Aj teraz autobusom pricestovalo do Doln\u00e9ho Saska na rekre\u00e1ciu 88 det\u00ed a 14 matiek s mal\u00fdmi de\u0165mi. Na akcii sa podie\u013ea 19 cirkevn\u00fdch okrskov z celkov\u00e9ho po\u010dtu 49. Do konca augusta pr\u00edde e\u0161te \u010fal\u0161\u00edch 650 bielorusk\u00fdch host\u00ed\u00a0z o\u017eiaren\u00e9ho \u00fazemia. V\u00fdbuch elektr\u00e1rne nastal &#8230; <a title=\"Deti od \u010cernobylu v Nemecku na rekre\u00e1cii\" class=\"read-more\" href=\"https:\/\/www.e-anjelik.sk\/index.php\/2015\/06\/04\/deti-od-cernobylu-v-nemecku-na-rekreacii\/\" aria-label=\"Pre\u010d\u00edtajte si viac o Deti od \u010cernobylu v Nemecku na rekre\u00e1cii\">\u010c\u00edta\u0165 viac<\/a><\/p>\n","protected":false},"author":2,"featured_media":0,"comment_status":"open","ping_status":"open","sticky":false,"template":"","format":"standard","meta":{"footnotes":""},"categories":[1],"tags":[],"class_list":["post-28559","post","type-post","status-publish","format-standard","hentry","category-adventna-modlitba"],"_links":{"self":[{"href":"https:\/\/www.e-anjelik.sk\/index.php\/wp-json\/wp\/v2\/posts\/28559","targetHints":{"allow":["GET"]}}],"collection":[{"href":"https:\/\/www.e-anjelik.sk\/index.php\/wp-json\/wp\/v2\/posts"}],"about":[{"href":"https:\/\/www.e-anjelik.sk\/index.php\/wp-json\/wp\/v2\/types\/post"}],"author":[{"embeddable":true,"href":"https:\/\/www.e-anjelik.sk\/index.php\/wp-json\/wp\/v2\/users\/2"}],"replies":[{"embeddable":true,"href":"https:\/\/www.e-anjelik.sk\/index.php\/wp-json\/wp\/v2\/comments?post=28559"}],"version-history":[{"count":0,"href":"https:\/\/www.e-anjelik.sk\/index.php\/wp-json\/wp\/v2\/posts\/28559\/revisions"}],"wp:attachment":[{"href":"https:\/\/www.e-anjelik.sk\/index.php\/wp-json\/wp\/v2\/media?parent=28559"}],"wp:term":[{"taxonomy":"category","embeddable":true,"href":"https:\/\/www.e-anjelik.sk\/index.php\/wp-json\/wp\/v2\/categories?post=28559"},{"taxonomy":"post_tag","embeddable":true,"href":"https:\/\/www.e-anjelik.sk\/index.php\/wp-json\/wp\/v2\/tags?post=28559"}],"curies":[{"name":"wp","href":"https:\/\/api.w.org\/{rel}","templated":true}]}}