{"id":28562,"date":"2015-06-08T08:01:45","date_gmt":"2015-06-08T06:01:45","guid":{"rendered":"http:\/\/www.evanjelik.sk\/?p=28562"},"modified":"2015-06-08T08:01:45","modified_gmt":"2015-06-08T06:01:45","slug":"skoncil-sa-kirchentag-2015-v-stuttgarte","status":"publish","type":"post","link":"https:\/\/www.e-anjelik.sk\/index.php\/2015\/06\/08\/skoncil-sa-kirchentag-2015-v-stuttgarte\/","title":{"rendered":"Skon\u010dil sa Kirchentag 2015 v \u0160tuttgarte"},"content":{"rendered":"<p>V nede\u013eu 7. j\u00fana 2015 \u00a0predpoludn\u00edm sa v hlavnom meste Wuerttemberska\u00a0 Stuttgarte za pr\u00edtomnosti do 95 tis\u00edc veriacich z\u00e1vere\u010dn\u00fdmi slu\u017ebami Bo\u017e\u00edmi skon\u010dili 35. Nemeck\u00e9 evanjelick\u00e9 cirkevn\u00e9 dni, ktor\u00e9 sa konali pod heslom &#8220; &#8230;aby sme z\u00edskali m\u00fadros\u0165&#8220;. Kazate\u013ekou bola pastorka Nora Steen, ktor\u00e1 v k\u00e1zni\u00a0 vyz\u00fdvala k solidarite a\u00a0k ve\u013ekodu\u0161n\u00e9mu prij\u00edmaniu ute\u010dencov. Bud\u00face cirkevn\u00e9 dni bud\u00fa vo Wittenbergu v d\u0148och 24.-28. m\u00e1ja 2017 v s\u00favislosti s oslavou 500. v\u00fdro\u010dia reform\u00e1cie.<\/p>\n<p>Na 35. cirkevn\u00fdch d\u0148och v \u0160tuttgarte\u00a0 od stredy do nedele bola trval\u00e1 \u00fa\u010das\u0165 okolo 97 tis\u00edc \u013eud\u00ed. Organiz\u00e1tori pre nich pripravili 2500 podujat\u00ed. Mohli debatova\u0165, spieva\u0165, po\u010d\u00fava\u0165 predn\u00e1\u0161ky , vidie\u0165 divadeln\u00e9 hry, po\u010d\u00fava\u0165 spevokoly, uva\u017eova\u0165 nad P\u00edsmom. Politick\u00fdmi t\u00e9mami boli ute\u010denci, homosexu\u00e1lne man\u017eelstv\u00e1, zmluva TTIP (obchod medzi USA a EU).<\/p>\n<p>(www.elk-wue.de)<\/p>\n","protected":false},"excerpt":{"rendered":"<p>V nede\u013eu 7. j\u00fana 2015 \u00a0predpoludn\u00edm sa v hlavnom meste Wuerttemberska\u00a0 Stuttgarte za pr\u00edtomnosti do 95 tis\u00edc veriacich z\u00e1vere\u010dn\u00fdmi slu\u017ebami Bo\u017e\u00edmi skon\u010dili 35. Nemeck\u00e9 evanjelick\u00e9 cirkevn\u00e9 dni, ktor\u00e9 sa konali pod heslom &#8220; &#8230;aby sme z\u00edskali m\u00fadros\u0165&#8220;. Kazate\u013ekou bola pastorka Nora Steen, ktor\u00e1 v k\u00e1zni\u00a0 vyz\u00fdvala k solidarite a\u00a0k ve\u013ekodu\u0161n\u00e9mu prij\u00edmaniu ute\u010dencov. Bud\u00face cirkevn\u00e9 dni &#8230; <a title=\"Skon\u010dil sa Kirchentag 2015 v \u0160tuttgarte\" class=\"read-more\" href=\"https:\/\/www.e-anjelik.sk\/index.php\/2015\/06\/08\/skoncil-sa-kirchentag-2015-v-stuttgarte\/\" aria-label=\"Pre\u010d\u00edtajte si viac o Skon\u010dil sa Kirchentag 2015 v \u0160tuttgarte\">\u010c\u00edta\u0165 viac<\/a><\/p>\n","protected":false},"author":2,"featured_media":0,"comment_status":"open","ping_status":"open","sticky":false,"template":"","format":"standard","meta":{"footnotes":""},"categories":[1],"tags":[],"class_list":["post-28562","post","type-post","status-publish","format-standard","hentry","category-adventna-modlitba"],"_links":{"self":[{"href":"https:\/\/www.e-anjelik.sk\/index.php\/wp-json\/wp\/v2\/posts\/28562","targetHints":{"allow":["GET"]}}],"collection":[{"href":"https:\/\/www.e-anjelik.sk\/index.php\/wp-json\/wp\/v2\/posts"}],"about":[{"href":"https:\/\/www.e-anjelik.sk\/index.php\/wp-json\/wp\/v2\/types\/post"}],"author":[{"embeddable":true,"href":"https:\/\/www.e-anjelik.sk\/index.php\/wp-json\/wp\/v2\/users\/2"}],"replies":[{"embeddable":true,"href":"https:\/\/www.e-anjelik.sk\/index.php\/wp-json\/wp\/v2\/comments?post=28562"}],"version-history":[{"count":0,"href":"https:\/\/www.e-anjelik.sk\/index.php\/wp-json\/wp\/v2\/posts\/28562\/revisions"}],"wp:attachment":[{"href":"https:\/\/www.e-anjelik.sk\/index.php\/wp-json\/wp\/v2\/media?parent=28562"}],"wp:term":[{"taxonomy":"category","embeddable":true,"href":"https:\/\/www.e-anjelik.sk\/index.php\/wp-json\/wp\/v2\/categories?post=28562"},{"taxonomy":"post_tag","embeddable":true,"href":"https:\/\/www.e-anjelik.sk\/index.php\/wp-json\/wp\/v2\/tags?post=28562"}],"curies":[{"name":"wp","href":"https:\/\/api.w.org\/{rel}","templated":true}]}}