{"id":28564,"date":"2015-06-08T08:29:55","date_gmt":"2015-06-08T06:29:55","guid":{"rendered":"http:\/\/www.evanjelik.sk\/?p=28564"},"modified":"2015-06-08T08:29:55","modified_gmt":"2015-06-08T06:29:55","slug":"na-okraj-kirchentagu","status":"publish","type":"post","link":"https:\/\/www.e-anjelik.sk\/index.php\/2015\/06\/08\/na-okraj-kirchentagu\/","title":{"rendered":"Na okraj Kirchentagu"},"content":{"rendered":"<p>Kirchentag v \u0160tuttgarte hodnotia aj konzervat\u00edvni protestanti. Vyzdvihuj\u00fa, \u017ee tohoro\u010dn\u00fd bol viacej duchovnej\u0161\u00ed, no niektor\u00e9 t\u00e9my ch\u00fdbali: rodina, potraty, podpora prenasledovan\u00fdch kres\u0165anov vo svete. Pozit\u00edvom bola \u00fa\u010das\u0165 mesiansk\u00fdch \u017eidov a\u00a0pietistov na Kirchentagu.\u00a0V r\u00e1mci tzv Christustagu vo \u0161tvrtok 4. j\u00fana , kedy sa na pietistickom zhroma\u017eden\u00ed s t\u00e9mou Krista ako Spasite\u013ea a Sudcu z\u00fa\u010dastnilo do 10 tis\u00edc veriacich. Kristocentrick\u00e9 t\u00e9my na Kirchentagu ako takom \u00a0ch\u00fdbali, podobne misia a evanjeliz\u00e1cia. Na podujatiach mali preva\u017en\u00e9 zast\u00fapenie biblicky kritick\u00ed (liber\u00e1lni) teol\u00f3govia.<\/p>\n<p>(www.idea.de)<\/p>\n","protected":false},"excerpt":{"rendered":"<p>Kirchentag v \u0160tuttgarte hodnotia aj konzervat\u00edvni protestanti. Vyzdvihuj\u00fa, \u017ee tohoro\u010dn\u00fd bol viacej duchovnej\u0161\u00ed, no niektor\u00e9 t\u00e9my ch\u00fdbali: rodina, potraty, podpora prenasledovan\u00fdch kres\u0165anov vo svete. Pozit\u00edvom bola \u00fa\u010das\u0165 mesiansk\u00fdch \u017eidov a\u00a0pietistov na Kirchentagu.\u00a0V r\u00e1mci tzv Christustagu vo \u0161tvrtok 4. j\u00fana , kedy sa na pietistickom zhroma\u017eden\u00ed s t\u00e9mou Krista ako Spasite\u013ea a Sudcu z\u00fa\u010dastnilo do 10 &#8230; <a title=\"Na okraj Kirchentagu\" class=\"read-more\" href=\"https:\/\/www.e-anjelik.sk\/index.php\/2015\/06\/08\/na-okraj-kirchentagu\/\" aria-label=\"Pre\u010d\u00edtajte si viac o Na okraj Kirchentagu\">\u010c\u00edta\u0165 viac<\/a><\/p>\n","protected":false},"author":2,"featured_media":0,"comment_status":"open","ping_status":"open","sticky":false,"template":"","format":"standard","meta":{"footnotes":""},"categories":[1],"tags":[],"class_list":["post-28564","post","type-post","status-publish","format-standard","hentry","category-adventna-modlitba"],"_links":{"self":[{"href":"https:\/\/www.e-anjelik.sk\/index.php\/wp-json\/wp\/v2\/posts\/28564","targetHints":{"allow":["GET"]}}],"collection":[{"href":"https:\/\/www.e-anjelik.sk\/index.php\/wp-json\/wp\/v2\/posts"}],"about":[{"href":"https:\/\/www.e-anjelik.sk\/index.php\/wp-json\/wp\/v2\/types\/post"}],"author":[{"embeddable":true,"href":"https:\/\/www.e-anjelik.sk\/index.php\/wp-json\/wp\/v2\/users\/2"}],"replies":[{"embeddable":true,"href":"https:\/\/www.e-anjelik.sk\/index.php\/wp-json\/wp\/v2\/comments?post=28564"}],"version-history":[{"count":0,"href":"https:\/\/www.e-anjelik.sk\/index.php\/wp-json\/wp\/v2\/posts\/28564\/revisions"}],"wp:attachment":[{"href":"https:\/\/www.e-anjelik.sk\/index.php\/wp-json\/wp\/v2\/media?parent=28564"}],"wp:term":[{"taxonomy":"category","embeddable":true,"href":"https:\/\/www.e-anjelik.sk\/index.php\/wp-json\/wp\/v2\/categories?post=28564"},{"taxonomy":"post_tag","embeddable":true,"href":"https:\/\/www.e-anjelik.sk\/index.php\/wp-json\/wp\/v2\/tags?post=28564"}],"curies":[{"name":"wp","href":"https:\/\/api.w.org\/{rel}","templated":true}]}}