{"id":28566,"date":"2015-06-08T09:09:43","date_gmt":"2015-06-08T07:09:43","guid":{"rendered":"http:\/\/www.evanjelik.sk\/?p=28566"},"modified":"2015-06-08T09:09:43","modified_gmt":"2015-06-08T07:09:43","slug":"co-pisu-ini-2","status":"publish","type":"post","link":"https:\/\/www.e-anjelik.sk\/index.php\/2015\/06\/08\/co-pisu-ini-2\/","title":{"rendered":"\u010co p\u00ed\u0161u in\u00ed"},"content":{"rendered":"<p>N\u00e1pad Bruselu deportova\u0165 ute\u010dencov \u2013 pod\u013ea kv\u00f3t \u2013 do v\u0161etk\u00fdch k\u00fatov \u00fanie m\u00e1 na Slovensku podozrivo vysok\u00fa medi\u00e1lnu podporu. Napriek tomu, \u017ee tento n\u00e1vrh je mor\u00e1lne aj politicky sprost\u00fd. Do imigra\u010dnej propagandy sa naplno zapojili hlavne \u201eaktivisti\u201c a liber\u00e1lne m\u00e9di\u00e1. Ka\u017ed\u00fd, kto je proti ute\u010deneck\u00fdm kv\u00f3tam, dostal napomenutie \u2013 \u017ee je nemor\u00e1lny, nehum\u00e1nny, nemodern\u00fd\u2026 A najnov\u0161ie sa dozved\u00e1me aj najv\u00e4\u010d\u0161iu hl\u00fapos\u0165 \u2013 \u017ee imigrantov Slovensko potrebuje, aby pre\u017eilo (denn\u00edk Sme). Ke\u010f\u017ee starneme, vymierame a potrebujeme nov\u00fa pracovn\u00fa silu.<\/p>\n<p>Tento argument pritom patr\u00ed do kateg\u00f3rie celkom primit\u00edvnych nezmyslov. <\/p>\n<p><a href=\"http:\/\/komentare.hnonline.sk\/komentare-hn-152\/dag-danis-deportacie-utecencov-a-vymyvanie-mozgov-793627\">http:\/\/komentare.hnonline.sk\/komentare-hn-152\/dag-danis-deportacie-utecencov-a-vymyvanie-mozgov-793627<\/a><\/p>\n","protected":false},"excerpt":{"rendered":"<p>N\u00e1pad Bruselu deportova\u0165 ute\u010dencov \u2013 pod\u013ea kv\u00f3t \u2013 do v\u0161etk\u00fdch k\u00fatov \u00fanie m\u00e1 na Slovensku podozrivo vysok\u00fa medi\u00e1lnu podporu. Napriek tomu, \u017ee tento n\u00e1vrh je mor\u00e1lne aj politicky sprost\u00fd. Do imigra\u010dnej propagandy sa naplno zapojili hlavne \u201eaktivisti\u201c a liber\u00e1lne m\u00e9di\u00e1. Ka\u017ed\u00fd, kto je proti ute\u010deneck\u00fdm kv\u00f3tam, dostal napomenutie \u2013 \u017ee je nemor\u00e1lny, nehum\u00e1nny, nemodern\u00fd\u2026 A &#8230; <a title=\"\u010co p\u00ed\u0161u in\u00ed\" class=\"read-more\" href=\"https:\/\/www.e-anjelik.sk\/index.php\/2015\/06\/08\/co-pisu-ini-2\/\" aria-label=\"Pre\u010d\u00edtajte si viac o \u010co p\u00ed\u0161u in\u00ed\">\u010c\u00edta\u0165 viac<\/a><\/p>\n","protected":false},"author":2,"featured_media":0,"comment_status":"open","ping_status":"open","sticky":false,"template":"","format":"standard","meta":{"footnotes":""},"categories":[1],"tags":[],"class_list":["post-28566","post","type-post","status-publish","format-standard","hentry","category-adventna-modlitba"],"_links":{"self":[{"href":"https:\/\/www.e-anjelik.sk\/index.php\/wp-json\/wp\/v2\/posts\/28566","targetHints":{"allow":["GET"]}}],"collection":[{"href":"https:\/\/www.e-anjelik.sk\/index.php\/wp-json\/wp\/v2\/posts"}],"about":[{"href":"https:\/\/www.e-anjelik.sk\/index.php\/wp-json\/wp\/v2\/types\/post"}],"author":[{"embeddable":true,"href":"https:\/\/www.e-anjelik.sk\/index.php\/wp-json\/wp\/v2\/users\/2"}],"replies":[{"embeddable":true,"href":"https:\/\/www.e-anjelik.sk\/index.php\/wp-json\/wp\/v2\/comments?post=28566"}],"version-history":[{"count":0,"href":"https:\/\/www.e-anjelik.sk\/index.php\/wp-json\/wp\/v2\/posts\/28566\/revisions"}],"wp:attachment":[{"href":"https:\/\/www.e-anjelik.sk\/index.php\/wp-json\/wp\/v2\/media?parent=28566"}],"wp:term":[{"taxonomy":"category","embeddable":true,"href":"https:\/\/www.e-anjelik.sk\/index.php\/wp-json\/wp\/v2\/categories?post=28566"},{"taxonomy":"post_tag","embeddable":true,"href":"https:\/\/www.e-anjelik.sk\/index.php\/wp-json\/wp\/v2\/tags?post=28566"}],"curies":[{"name":"wp","href":"https:\/\/api.w.org\/{rel}","templated":true}]}}