{"id":2857,"date":"2010-05-28T10:04:51","date_gmt":"2010-05-28T10:04:51","guid":{"rendered":"http:\/\/e-anjelik.sk\/?p=2857"},"modified":"2010-05-28T10:04:51","modified_gmt":"2010-05-28T10:04:51","slug":"v-komarne-zasadal-generalny-konvent-madarskych-reformovanych-cirkvi","status":"publish","type":"post","link":"https:\/\/www.e-anjelik.sk\/index.php\/2010\/05\/28\/v-komarne-zasadal-generalny-konvent-madarskych-reformovanych-cirkvi\/","title":{"rendered":"V Kom\u00e1rne zasadal Gener\u00e1lny konvent Ma\u010farsk\u00fdch reformovan\u00fdch cirkv\u00ed"},"content":{"rendered":"<p>V slovenskom meste Kom&aacute;rne vo &scaron;tvrtok 27. m&aacute;ja t.r. zasadal Gener&aacute;lny konvent Ma\u010farsk&yacute;ch reformovan&yacute;ch cirkv&iacute; (MRC). T&aacute;to organiz&aacute;cia zdru\u017euje reformovan&eacute; cirkvi na etnickom z&aacute;klade ma\u010far\u010diny v tzv. Karpatskej kotline, spr&aacute;vne Karpatskom obl&uacute;ku. Konvent je spolo\u010dn&yacute; org&aacute;n z&aacute;stupcov t&yacute;chto cirkv&iacute;. Miestny biskup Kres\u0165anskej reformovanej cirkvi na Slovensku L&aacute;szl&oacute; Fazekas priv&iacute;tal do 150 konventu&aacute;lov. Miestom stretnutia po prv&yacute; raz bola lokalita mimo &uacute;zemia&nbsp;Ma\u010farska -slovensk&eacute; Kom&aacute;rno. Toto bolo uroben&eacute; cielene, lebo vz\u0165ahy medzi Slovenskom a Ma\u010farskom v posledn&yacute;ch rokoch nie s&uacute; bez mrakov a Konvent u\u017e vlani v lete vo vyhl&aacute;sen&iacute; ods&uacute;dil&nbsp; kroky ,ktor&eacute; diskriminuj&uacute; slovenk&yacute;ch Ma\u010farov.Zasadnutia Konventu sa v\u017edy via\u017eu k nejak&eacute;mu v&yacute;ro\u010diu. Tentokr&aacute;t to bolo pripomenutie si 150. v&yacute;ro\u010dia Toleran\u010dn&eacute;ho patentu. &quot;Druh&yacute; d&aacute;tum, ktor&yacute; nesmieme prejs\u0165 ml\u010dan&iacute;m, je 90. v&yacute;ro\u010die podp&iacute;sania Trianonsk&eacute;ho mierov&eacute;ho dikt&aacute;tu&quot;, povedal biskup Boelcskei Guszt&aacute;v, duchovn&yacute; predseda synody MRC. &Uacute;\u010dastn&iacute;ci prijali aj vyhl&aacute;senie, kde sa o.i. hovor&iacute;:&quot;Silou viery zn&aacute;&scaron;a\u0165 -ale nezab&uacute;da\u0165 &#8211; to je dan&aacute; &uacute;loha pre Ma\u010farov pri 90.v&yacute;ro\u010d&iacute; Trianonu&#8230;Dnes \u017eij&uacute;ci ma\u010farsk&iacute; reformovan&iacute; maj&uacute; historick&uacute; &uacute;lohu,aby \u017eivotom nap\u013e\u0148ali dan&eacute;&nbsp;okruhy MRC ,aby prin&aacute;&scaron;ali&nbsp;namiesto bolest&iacute;,sm&uacute;tku a&nbsp;hnevu lie\u010denie, rados\u0165 a zmierenie rovnako dovn&uacute;tra&nbsp;a vonkaj&scaron;ka trianonsk&yacute;ch hran&iacute;c.&quot; Schv&aacute;lili aj rozpo\u010det MRC. Prispieva\u0165 na\u0148 bud&uacute; svojim dielom ka\u017ed&aacute; diec&eacute;za. Z pe\u0148az&iacute; sa bud&uacute; uhr&aacute;dza\u0165 projekty MRC ,ktor&eacute;&nbsp;napom&aacute;haj&uacute; jednote a&nbsp;zbl&iacute;\u017eeniu.&nbsp;<\/p>\n<p>(ujszo.com)<\/p>\n","protected":false},"excerpt":{"rendered":"<p>V slovenskom meste Kom&aacute;rne vo &scaron;tvrtok 27. m&aacute;ja t.r. zasadal Gener&aacute;lny konvent Ma\u010farsk&yacute;ch reformovan&yacute;ch cirkv&iacute; (MRC). T&aacute;to organiz&aacute;cia zdru\u017euje reformovan&eacute; cirkvi na etnickom z&aacute;klade ma\u010far\u010diny v tzv. Karpatskej kotline, spr&aacute;vne Karpatskom obl&uacute;ku. Konvent je spolo\u010dn&yacute; org&aacute;n z&aacute;stupcov t&yacute;chto cirkv&iacute;. Miestny biskup Kres\u0165anskej reformovanej cirkvi na Slovensku L&aacute;szl&oacute; Fazekas priv&iacute;tal do 150 konventu&aacute;lov. Miestom stretnutia po &#8230; <a title=\"V Kom\u00e1rne zasadal Gener\u00e1lny konvent Ma\u010farsk\u00fdch reformovan\u00fdch cirkv\u00ed\" class=\"read-more\" href=\"https:\/\/www.e-anjelik.sk\/index.php\/2010\/05\/28\/v-komarne-zasadal-generalny-konvent-madarskych-reformovanych-cirkvi\/\" aria-label=\"Pre\u010d\u00edtajte si viac o V Kom\u00e1rne zasadal Gener\u00e1lny konvent Ma\u010farsk\u00fdch reformovan\u00fdch cirkv\u00ed\">\u010c\u00edta\u0165 viac<\/a><\/p>\n","protected":false},"author":22,"featured_media":0,"comment_status":"open","ping_status":"open","sticky":false,"template":"","format":"standard","meta":{"footnotes":""},"categories":[9,10],"tags":[],"class_list":["post-2857","post","type-post","status-publish","format-standard","hentry","category-europa","category-zo-sveta"],"_links":{"self":[{"href":"https:\/\/www.e-anjelik.sk\/index.php\/wp-json\/wp\/v2\/posts\/2857","targetHints":{"allow":["GET"]}}],"collection":[{"href":"https:\/\/www.e-anjelik.sk\/index.php\/wp-json\/wp\/v2\/posts"}],"about":[{"href":"https:\/\/www.e-anjelik.sk\/index.php\/wp-json\/wp\/v2\/types\/post"}],"author":[{"embeddable":true,"href":"https:\/\/www.e-anjelik.sk\/index.php\/wp-json\/wp\/v2\/users\/22"}],"replies":[{"embeddable":true,"href":"https:\/\/www.e-anjelik.sk\/index.php\/wp-json\/wp\/v2\/comments?post=2857"}],"version-history":[{"count":0,"href":"https:\/\/www.e-anjelik.sk\/index.php\/wp-json\/wp\/v2\/posts\/2857\/revisions"}],"wp:attachment":[{"href":"https:\/\/www.e-anjelik.sk\/index.php\/wp-json\/wp\/v2\/media?parent=2857"}],"wp:term":[{"taxonomy":"category","embeddable":true,"href":"https:\/\/www.e-anjelik.sk\/index.php\/wp-json\/wp\/v2\/categories?post=2857"},{"taxonomy":"post_tag","embeddable":true,"href":"https:\/\/www.e-anjelik.sk\/index.php\/wp-json\/wp\/v2\/tags?post=2857"}],"curies":[{"name":"wp","href":"https:\/\/api.w.org\/{rel}","templated":true}]}}