{"id":28571,"date":"2015-06-10T04:55:57","date_gmt":"2015-06-10T02:55:57","guid":{"rendered":"http:\/\/www.evanjelik.sk\/?p=28571"},"modified":"2015-06-10T04:55:57","modified_gmt":"2015-06-10T02:55:57","slug":"v-samorine-sa-stretli-madarski-evanjelici-na-slovensku","status":"publish","type":"post","link":"https:\/\/www.e-anjelik.sk\/index.php\/2015\/06\/10\/v-samorine-sa-stretli-madarski-evanjelici-na-slovensku\/","title":{"rendered":"V \u0160amor\u00edne sa stretli ma\u010farsk\u00ed evanjelici na Slovensku"},"content":{"rendered":"<p>V sobotu 6. j\u00fana 2015 sa v evanjelickom kostole v \u0160amor\u00edne konalo v porad\u00ed \u00f4sme stretnutie ma\u010farsk\u00fdch evanjelikov zo Slovenska. V \u00favode ich priv\u00edtal Oliv\u00e9r Nagy, far\u00e1r z Doln\u00fdch Sal\u00edb. Profesor Juraj B\u00e1ndy hovoril o dejin\u00e1ch mesta. Zhroma\u017eden\u00fdch pozdravil biskup ZD ECAV Milan Krivda a prim\u00e1tor mesta G\u00e1bor B\u00e1rdos. Vyzdvihol dobr\u00e9 spoluna\u017e\u00edvanie ob\u010danov slovenskej a ma\u010farskej n\u00e1rodnosti v meste. Duchovn\u00e9 slovo zvestoval misijn\u00fd far\u00e1r z MR Szever\u00e9nyi J\u00e1nos. Po k\u00e1zni nasledovali viacer\u00e9 osobn\u00e9 svedectv\u00e1 o \u017eivotnej ceste pri h\u013eadan\u00ed Boha. Popoludn\u00ed here\u010dka z MR Szemer\u00e9di Bernadett povzbudzovala veriacich pies\u0148ami, slovom i b\u00e1s\u0148ami. Pr\u00edtomn\u00ed sa mohli vz\u00e1jomne spozn\u00e1va\u0165 pri osobn\u00fdch rozhovoroch v kostole i na n\u00e1dvor\u00ed chr\u00e1mu. Na z\u00e1vere\u010dn\u00fdch slu\u017eb\u00e1ch Bo\u017e\u00edch sl\u00fa\u017eila dom\u00e1ca far\u00e1rka Jana Foerdoesov\u00e1.<\/p>\n<p>(www.evangelikus.hu)<\/p>\n","protected":false},"excerpt":{"rendered":"<p>V sobotu 6. j\u00fana 2015 sa v evanjelickom kostole v \u0160amor\u00edne konalo v porad\u00ed \u00f4sme stretnutie ma\u010farsk\u00fdch evanjelikov zo Slovenska. V \u00favode ich priv\u00edtal Oliv\u00e9r Nagy, far\u00e1r z Doln\u00fdch Sal\u00edb. Profesor Juraj B\u00e1ndy hovoril o dejin\u00e1ch mesta. Zhroma\u017eden\u00fdch pozdravil biskup ZD ECAV Milan Krivda a prim\u00e1tor mesta G\u00e1bor B\u00e1rdos. Vyzdvihol dobr\u00e9 spoluna\u017e\u00edvanie ob\u010danov slovenskej a &#8230; <a title=\"V \u0160amor\u00edne sa stretli ma\u010farsk\u00ed evanjelici na Slovensku\" class=\"read-more\" href=\"https:\/\/www.e-anjelik.sk\/index.php\/2015\/06\/10\/v-samorine-sa-stretli-madarski-evanjelici-na-slovensku\/\" aria-label=\"Pre\u010d\u00edtajte si viac o V \u0160amor\u00edne sa stretli ma\u010farsk\u00ed evanjelici na Slovensku\">\u010c\u00edta\u0165 viac<\/a><\/p>\n","protected":false},"author":2,"featured_media":0,"comment_status":"open","ping_status":"open","sticky":false,"template":"","format":"standard","meta":{"footnotes":""},"categories":[1],"tags":[],"class_list":["post-28571","post","type-post","status-publish","format-standard","hentry","category-adventna-modlitba"],"_links":{"self":[{"href":"https:\/\/www.e-anjelik.sk\/index.php\/wp-json\/wp\/v2\/posts\/28571","targetHints":{"allow":["GET"]}}],"collection":[{"href":"https:\/\/www.e-anjelik.sk\/index.php\/wp-json\/wp\/v2\/posts"}],"about":[{"href":"https:\/\/www.e-anjelik.sk\/index.php\/wp-json\/wp\/v2\/types\/post"}],"author":[{"embeddable":true,"href":"https:\/\/www.e-anjelik.sk\/index.php\/wp-json\/wp\/v2\/users\/2"}],"replies":[{"embeddable":true,"href":"https:\/\/www.e-anjelik.sk\/index.php\/wp-json\/wp\/v2\/comments?post=28571"}],"version-history":[{"count":0,"href":"https:\/\/www.e-anjelik.sk\/index.php\/wp-json\/wp\/v2\/posts\/28571\/revisions"}],"wp:attachment":[{"href":"https:\/\/www.e-anjelik.sk\/index.php\/wp-json\/wp\/v2\/media?parent=28571"}],"wp:term":[{"taxonomy":"category","embeddable":true,"href":"https:\/\/www.e-anjelik.sk\/index.php\/wp-json\/wp\/v2\/categories?post=28571"},{"taxonomy":"post_tag","embeddable":true,"href":"https:\/\/www.e-anjelik.sk\/index.php\/wp-json\/wp\/v2\/tags?post=28571"}],"curies":[{"name":"wp","href":"https:\/\/api.w.org\/{rel}","templated":true}]}}