{"id":2858,"date":"2010-05-28T11:09:17","date_gmt":"2010-05-28T11:09:17","guid":{"rendered":"http:\/\/e-anjelik.sk\/?p=2858"},"modified":"2010-05-28T11:09:17","modified_gmt":"2010-05-28T11:09:17","slug":"arcibiskup-wejryd-bol-zvoleny-za-predsedu-svedskej-krestanskej-rady","status":"publish","type":"post","link":"https:\/\/www.e-anjelik.sk\/index.php\/2010\/05\/28\/arcibiskup-wejryd-bol-zvoleny-za-predsedu-svedskej-krestanskej-rady\/","title":{"rendered":"Arcibiskup Wejryd bol zvolen\u00fd za predsedu \u0160v\u00e9dskej kres\u0165anskej rady"},"content":{"rendered":"<p>Na v&yacute;ro\u010dnom zasadnut&iacute; &Scaron;v&eacute;dskej kres\u0165anskej rady (&Scaron;KR) v S&ouml;dert&auml;lje bol za predsedu zvolen&yacute; arcibiskup &Scaron;v&eacute;dskej cirkvi Anders Wejryd. Vo funkcii nahrad&iacute; doteraj&scaron;iu predsedky\u0148u Karin Wiborn zo &Scaron;v&eacute;dskej baptistickej jednoty. &Scaron;KR m&aacute; 27 \u010dlensk&yacute;ch cirkv&iacute;. V predsedn&iacute;ctve s&uacute; &scaron;tyria z&aacute;stupcovia &scaron;tyroch vetv&iacute; kres\u0165anstva: luter&aacute;nov, katol&iacute;kov, slobodn&yacute;ch denomin&aacute;ci&iacute; a pravosl&aacute;vn&yacute;ch. Z nich po roku bude zvolen&yacute; \u010fal&scaron;&iacute; nov&yacute; predseda(-y\u0148a).<\/p>\n<p><a href=\"http:\/\/www.kyrkanstidning.com\">www.kyrkanstidning.com<\/a>)<\/p>\n","protected":false},"excerpt":{"rendered":"<p>Na v&yacute;ro\u010dnom zasadnut&iacute; &Scaron;v&eacute;dskej kres\u0165anskej rady (&Scaron;KR) v S&ouml;dert&auml;lje bol za predsedu zvolen&yacute; arcibiskup &Scaron;v&eacute;dskej cirkvi Anders Wejryd. Vo funkcii nahrad&iacute; doteraj&scaron;iu predsedky\u0148u Karin Wiborn zo &Scaron;v&eacute;dskej baptistickej jednoty. &Scaron;KR m&aacute; 27 \u010dlensk&yacute;ch cirkv&iacute;. V predsedn&iacute;ctve s&uacute; &scaron;tyria z&aacute;stupcovia &scaron;tyroch vetv&iacute; kres\u0165anstva: luter&aacute;nov, katol&iacute;kov, slobodn&yacute;ch denomin&aacute;ci&iacute; a pravosl&aacute;vn&yacute;ch. Z nich po roku bude zvolen&yacute; \u010fal&scaron;&iacute; &#8230; <a title=\"Arcibiskup Wejryd bol zvolen\u00fd za predsedu \u0160v\u00e9dskej kres\u0165anskej rady\" class=\"read-more\" href=\"https:\/\/www.e-anjelik.sk\/index.php\/2010\/05\/28\/arcibiskup-wejryd-bol-zvoleny-za-predsedu-svedskej-krestanskej-rady\/\" aria-label=\"Pre\u010d\u00edtajte si viac o Arcibiskup Wejryd bol zvolen\u00fd za predsedu \u0160v\u00e9dskej kres\u0165anskej rady\">\u010c\u00edta\u0165 viac<\/a><\/p>\n","protected":false},"author":22,"featured_media":0,"comment_status":"open","ping_status":"open","sticky":false,"template":"","format":"standard","meta":{"footnotes":""},"categories":[2],"tags":[],"class_list":["post-2858","post","type-post","status-publish","format-standard","hentry","category-ekumena"],"_links":{"self":[{"href":"https:\/\/www.e-anjelik.sk\/index.php\/wp-json\/wp\/v2\/posts\/2858","targetHints":{"allow":["GET"]}}],"collection":[{"href":"https:\/\/www.e-anjelik.sk\/index.php\/wp-json\/wp\/v2\/posts"}],"about":[{"href":"https:\/\/www.e-anjelik.sk\/index.php\/wp-json\/wp\/v2\/types\/post"}],"author":[{"embeddable":true,"href":"https:\/\/www.e-anjelik.sk\/index.php\/wp-json\/wp\/v2\/users\/22"}],"replies":[{"embeddable":true,"href":"https:\/\/www.e-anjelik.sk\/index.php\/wp-json\/wp\/v2\/comments?post=2858"}],"version-history":[{"count":0,"href":"https:\/\/www.e-anjelik.sk\/index.php\/wp-json\/wp\/v2\/posts\/2858\/revisions"}],"wp:attachment":[{"href":"https:\/\/www.e-anjelik.sk\/index.php\/wp-json\/wp\/v2\/media?parent=2858"}],"wp:term":[{"taxonomy":"category","embeddable":true,"href":"https:\/\/www.e-anjelik.sk\/index.php\/wp-json\/wp\/v2\/categories?post=2858"},{"taxonomy":"post_tag","embeddable":true,"href":"https:\/\/www.e-anjelik.sk\/index.php\/wp-json\/wp\/v2\/tags?post=2858"}],"curies":[{"name":"wp","href":"https:\/\/api.w.org\/{rel}","templated":true}]}}