{"id":28580,"date":"2015-06-12T11:24:50","date_gmt":"2015-06-12T09:24:50","guid":{"rendered":"http:\/\/www.evanjelik.sk\/?p=28580"},"modified":"2015-06-12T11:24:50","modified_gmt":"2015-06-12T09:24:50","slug":"distancuje-sa-ev-cirkev-od-protizidovskych-vyrokov-m-luthera","status":"publish","type":"post","link":"https:\/\/www.e-anjelik.sk\/index.php\/2015\/06\/12\/distancuje-sa-ev-cirkev-od-protizidovskych-vyrokov-m-luthera\/","title":{"rendered":"Di\u0161tancuje sa ev. cirkev od proti\u017eidovsk\u00fdch v\u00fdrokov M. Luthera?"},"content":{"rendered":"<p>V t\u00fdchto d\u0148och sa v Berl\u00edne kon\u00e1 spolo\u010dn\u00e9 zasadnutie \u00dastrednej rady \u017eidov v Nemecku a Evanjelickej akad\u00e9mie Berl\u00edn. Zasadnutie m\u00e1 motto :Reform\u00e1tor, kac\u00edr , nepriate\u013e \u017eidov &#8211; \u017eidovsk\u00e9 perspekt\u00edvy na M. Luthera. Hne\u010f prv\u00fd de\u0148 predseda Rady Josef Schuster vyzval evanjelick\u00fa cirkev, aby sa jasne di\u0161tancovala od Lutherov\u00fdch proti\u017eidovsk\u00fdch v\u00fdrokov. V spise z roku 1543 &#8220;\u00a0O \u017eidoch a ich klamstv\u00e1ch&#8220; navrhoval Luther o . i.\u00a0 aby podp\u00e1lili synag\u00f3gy a ni\u010dili \u017eidovsk\u00e9 domy. Tieto Lutherove v\u00fdroky s\u00fa zahanbuj\u00face a zra\u0148uj\u00face,\u00a0za\u0165a\u017euj\u00fa vz\u0165ahy medzi evanjelikmi a \u017eidmi a\u00a0nie s\u00fa v s\u00falade s evanjeliom. Pred oslavou 500. v\u00fdro\u010dia jubilea reform\u00e1cie sa k nim m\u00e1 EKD \u00faradne vyjadri\u0165.<\/p>\n<p>(www.nordkirche.de)<\/p>\n","protected":false},"excerpt":{"rendered":"<p>V t\u00fdchto d\u0148och sa v Berl\u00edne kon\u00e1 spolo\u010dn\u00e9 zasadnutie \u00dastrednej rady \u017eidov v Nemecku a Evanjelickej akad\u00e9mie Berl\u00edn. Zasadnutie m\u00e1 motto :Reform\u00e1tor, kac\u00edr , nepriate\u013e \u017eidov &#8211; \u017eidovsk\u00e9 perspekt\u00edvy na M. Luthera. Hne\u010f prv\u00fd de\u0148 predseda Rady Josef Schuster vyzval evanjelick\u00fa cirkev, aby sa jasne di\u0161tancovala od Lutherov\u00fdch proti\u017eidovsk\u00fdch v\u00fdrokov. V spise z roku 1543 &#8230; <a title=\"Di\u0161tancuje sa ev. cirkev od proti\u017eidovsk\u00fdch v\u00fdrokov M. Luthera?\" class=\"read-more\" href=\"https:\/\/www.e-anjelik.sk\/index.php\/2015\/06\/12\/distancuje-sa-ev-cirkev-od-protizidovskych-vyrokov-m-luthera\/\" aria-label=\"Pre\u010d\u00edtajte si viac o Di\u0161tancuje sa ev. cirkev od proti\u017eidovsk\u00fdch v\u00fdrokov M. Luthera?\">\u010c\u00edta\u0165 viac<\/a><\/p>\n","protected":false},"author":2,"featured_media":0,"comment_status":"open","ping_status":"open","sticky":false,"template":"","format":"standard","meta":{"footnotes":""},"categories":[1],"tags":[],"class_list":["post-28580","post","type-post","status-publish","format-standard","hentry","category-adventna-modlitba"],"_links":{"self":[{"href":"https:\/\/www.e-anjelik.sk\/index.php\/wp-json\/wp\/v2\/posts\/28580","targetHints":{"allow":["GET"]}}],"collection":[{"href":"https:\/\/www.e-anjelik.sk\/index.php\/wp-json\/wp\/v2\/posts"}],"about":[{"href":"https:\/\/www.e-anjelik.sk\/index.php\/wp-json\/wp\/v2\/types\/post"}],"author":[{"embeddable":true,"href":"https:\/\/www.e-anjelik.sk\/index.php\/wp-json\/wp\/v2\/users\/2"}],"replies":[{"embeddable":true,"href":"https:\/\/www.e-anjelik.sk\/index.php\/wp-json\/wp\/v2\/comments?post=28580"}],"version-history":[{"count":0,"href":"https:\/\/www.e-anjelik.sk\/index.php\/wp-json\/wp\/v2\/posts\/28580\/revisions"}],"wp:attachment":[{"href":"https:\/\/www.e-anjelik.sk\/index.php\/wp-json\/wp\/v2\/media?parent=28580"}],"wp:term":[{"taxonomy":"category","embeddable":true,"href":"https:\/\/www.e-anjelik.sk\/index.php\/wp-json\/wp\/v2\/categories?post=28580"},{"taxonomy":"post_tag","embeddable":true,"href":"https:\/\/www.e-anjelik.sk\/index.php\/wp-json\/wp\/v2\/tags?post=28580"}],"curies":[{"name":"wp","href":"https:\/\/api.w.org\/{rel}","templated":true}]}}