{"id":28584,"date":"2015-06-13T15:55:52","date_gmt":"2015-06-13T13:55:52","guid":{"rendered":"http:\/\/www.evanjelik.sk\/?p=28584"},"modified":"2020-03-30T00:02:08","modified_gmt":"2020-03-29T22:02:08","slug":"nedavno-v-mys","status":"publish","type":"post","link":"https:\/\/www.e-anjelik.sk\/index.php\/2015\/06\/13\/nedavno-v-mys\/","title":{"rendered":"Ned\u00e1vno v MyS"},"content":{"rendered":"<p>V MyS (Myjavskom senior\u00e1te) prebehlo v poslednom obdob\u00ed nieko\u013eko zauj\u00edmav\u00fdch podujat\u00ed a akcii\u00ed a pripravuj\u00fa sa \u010fal\u0161ie:<\/p>\n<p>1.- 23.m\u00e1ja sa konalo v Skalici \u0161portov\u00e9 stretnutie ml\u00e1de\u017ee pod n\u00e1zvom JKgames. Po duchovnom \u00favode vy\u0161e 50 mlad\u00fdch evanjelikov s\u00fa\u0165a\u017eilo vo futbale, florbale, basketbale a v p\u00e4\u0165boji. V\u00ed\u0165azi post\u00fapili do celoslovensk\u00e9ho kola v r\u00e1mci ECAV. T\u00ed, ktor\u00ed ne\u0161portovali, tr\u00e1vili spolo\u010dn\u00fd \u010das v tvoriv\u00fdch diel\u0148ach. \u00da\u010dastn\u00edkov, medzi nimi aj viacero duchovn\u00fdch pohostil dom\u00e1ci CZ. \/Viac a foto na ww.ecav.sk\/<\/p>\n<p>2.- Noc kostolov v Senici<\/p>\n<p>V r\u00e1mci &#8222;noci kostolov&#8220; v Senici 29.5.vyst\u00fapili v programe okrem dom\u00e1cich det\u00ed aj viacer\u00ed hostia.<\/p>\n<p>-Hudobn\u00edk a a organista J\u00e1n Siroma z Kova\u010dice (Srbsko). V predn\u00e1\u0161ke a v praktick\u00fdch uk\u00e1\u017ekach z organovej klasiky predstavil tento jedine\u010dn\u00fd hudobn\u00fd n\u00e1stroj.<\/p>\n<p>-Zvonkohra &#8211; jedin\u00fd s\u00fabor det\u00ed svojho druhu v r\u00e1mci ECAV z Ko\u0161ar\u00edsk &#8211; pod veden\u00edm dirigenta Vladim\u00edra H\u00fasku predniesla viacero p\u00f4sobiv\u00fdch skladieb. O vzniku a \u010dinnosti s\u00faboru hovorila v sprievodnom slove ses.far\u00e1rka Zuzana Durcov\u00e1.<\/p>\n<p>Pr\u00edtomn\u00fdm zaspieval aj diev\u010densk\u00fd spev\u00e1cky zbor zlo\u017een\u00fd &nbsp;zo spev\u00e1\u010dok zo Soboti\u0161\u0165a, \u010castkova a Senice. Po ich vyst\u00fapen\u00ed ozdnela pren\u00e1\u0161ka o Majstrovi J\u00e1novi Husovi, pri 600.v\u00fdro\u010d\u00ed jeho mu\u010den\u00edckej smrti na koncile v Kostnici. Vyst\u00fapila aj hudobn\u00e1 skupina mlad\u00fdch z Apo\u0161tolskej cirkvi z \u010c\u00e1\u010dova. Pred z\u00e1vere\u010dn\u00fdm slovom dom\u00e1ceho far\u00e1ra a modlitbou , bol premietnut\u00fd dokument\u00e1rny film: Pod ochranou \u017derot\u00edn\u00fa ( o vzniku Kralickej Biblie a in\u00fdch his.s\u00favislostiach)- Foto vi\u010f.www.ecav.sk)<\/p>\n<p>3.V CZ Bukovci si pripomenuli v nede\u013eu sv.Trojice \u017eivot a dielo dvoch v\u00fdznamn\u00fdch k\u0148azov: &nbsp;J\u00faliusa Bodn\u00e1ra (130.v\u00fdro\u010die) a Vladim\u00edra Roya (145.v\u00fdro\u010die) Sl\u00e1vnosnt\u00fdm kazate\u013eom bol &nbsp;brat biskup ZD Milan Krivda. Sl\u00e1vnosti sa z\u00fa\u010dastnlili okrem dom\u00e1ceho J. Sadlo\u0148a aj &nbsp;\u0161tyria susedn\u00ed k\u0148azi. Po sl\u00e1vnostn\u00fdch SLB bol prinesen\u00fd veniec k pam\u00e4tnej tabuli s menami oboch k\u0148azov.<\/p>\n<p>4. &#8211; 7.j\u00fana sa stretli deti zo zborov\u00fdch besiedok MyS na Ko\u0161arisk\u00e1ch.<\/p>\n<p>5. Na Myjave prebieha podpisov\u00e1 akcia tzv.pet\u00edcie, ktorej zmysel je pochybn\u00fd, ke\u010f\u017ee in\u0161tit\u00fat pet\u00edcie nie je s\u00fa\u010das\u0165ou pr\u00e1vneho syst\u00e9mu ECAV.<\/p>\n<p>6. CZ ECAV &#8211; Bukovec srde\u010dne poz\u00fdva &nbsp;evanjelick\u00fa verejnos\u0165 na sl\u00e1vnos\u0165 in\u0161tal\u00e1cie novozvolen\u00e9ho far\u00e1ra Mgr.J\u00e1na Sadlo\u0148a, ktor\u00e1 sa bude kona\u0165 v ev. kostole v Bukovci d\u0148a 20.j\u00fana o 10.00 hod.<\/p>\n<p>7. Na z\u00e1ver dva oznamy &nbsp; z &#8222;BULLETINU CZ Senica &#8211; j\u00fan 2015&#8220;, ktor\u00e9 sa t\u00fdkaj\u00fa aj \u0161ir\u0161ej evanjelickej &nbsp;verejnosti:<\/p>\n<p>1. &#8222;V j\u00fani sa v \u0161kol\u00e1ch kon\u00e1 z\u00e1pis do \u010fal\u0161ieho ro\u010dn\u00edka a z\u00e1rove\u0148 sa prihlasuje na volite\u013en\u00e9 predmety, vr\u00e1tane n\u00e1bo\u017eenstva. Aby sa Evanjelick\u00e9 vierovyznanie mohlo vyu\u010dova\u0165, musia by\u0165 \u017eiaci prihl\u00e1sen\u00ed, preto pros\u00edm, keby rodi\u010dia, pr\u00edpadne star\u00ed rodi\u010dia, svojich potomkov na to upozornili.&nbsp;Odpove\u010f na \u010dast\u00fa ot\u00e1zku, pre\u010do sa na tej alebo onej \u0161kole na\u0161e n\u00e1bo\u017eenstvo nevyu\u010duje, je jednoduch\u00e1: \u017eiaci sa na Evanjelick\u00e9 n\u00e1bo\u017eenstvo neprihl\u00e1sili!&#8220;<\/p>\n<p>&nbsp;<\/p>\n<p>2. Program venovan\u00fd vierozvestom a &nbsp;majstrovi J.Husovi:<\/p>\n<p>a\/ v piatok 3.j\u00fala o 10.00 v \u0160tef\u00e1nikovom dome v Brezovej pod Bradlom &#8211; semin\u00e1r venovan\u00fd 600.v\u00fdro\u010diu up\u00e1lenia majstra J\u00e1na Husa<\/p>\n<p>b\/ v sobotu- 4.j\u00fala ve\u010der v Dome kult\u00fary na Podbran\u010di bude stretnutie evanjelickej ml\u00e1de\u017ee<\/p>\n<p>c\/ &nbsp; v &nbsp;nede\u013eu 5.j\u00fala na hrade Bran\u010d tradi\u010dn\u00e9 stretnutie &nbsp;evanjelikov na Di\u0161triktu\u00e1lnom dni so sl\u00e1vnostn\u00fdmi &nbsp;slu\u017ebami bo\u017e\u00edmi, ktor\u00e9 bud\u00fa priamo vysielan\u00e9 Slovensk\u00fdm rozhlasom.<\/p>\n<p>d\/ v nede\u013eu o 14.30 hod. v Brezovej pod Bradlom &#8211; predstavenie knihy o J\u00e1novi Husovi . Mu\u010den\u00edk pravdy Kristovej, a hne\u010f potom divadelno &#8211; hudobn\u00e9 predstavenie: &nbsp;Pevec Bo\u017e\u00ed v &nbsp;\u0160tef\u00e1nikovom dome ( o J.Tranovskom)<\/p>\n","protected":false},"excerpt":{"rendered":"<p>V MyS (Myjavskom senior\u00e1te) prebehlo v poslednom obdob\u00ed nieko\u013eko zauj\u00edmav\u00fdch podujat\u00ed a akcii\u00ed a pripravuj\u00fa sa \u010fal\u0161ie: 1.- 23.m\u00e1ja sa konalo v Skalici \u0161portov\u00e9 stretnutie ml\u00e1de\u017ee pod n\u00e1zvom JKgames. Po duchovnom \u00favode vy\u0161e 50 mlad\u00fdch evanjelikov s\u00fa\u0165a\u017eilo vo futbale, florbale, basketbale a v p\u00e4\u0165boji. V\u00ed\u0165azi post\u00fapili do celoslovensk\u00e9ho kola v r\u00e1mci ECAV. T\u00ed, ktor\u00ed ne\u0161portovali, &#8230; <a title=\"Ned\u00e1vno v MyS\" class=\"read-more\" href=\"https:\/\/www.e-anjelik.sk\/index.php\/2015\/06\/13\/nedavno-v-mys\/\" aria-label=\"Pre\u010d\u00edtajte si viac o Ned\u00e1vno v MyS\">\u010c\u00edta\u0165 viac<\/a><\/p>\n","protected":false},"author":4,"featured_media":0,"comment_status":"open","ping_status":"open","sticky":false,"template":"","format":"standard","meta":{"footnotes":""},"categories":[6],"tags":[],"class_list":["post-28584","post","type-post","status-publish","format-standard","hentry","category-myjavsky-seniorat"],"_links":{"self":[{"href":"https:\/\/www.e-anjelik.sk\/index.php\/wp-json\/wp\/v2\/posts\/28584","targetHints":{"allow":["GET"]}}],"collection":[{"href":"https:\/\/www.e-anjelik.sk\/index.php\/wp-json\/wp\/v2\/posts"}],"about":[{"href":"https:\/\/www.e-anjelik.sk\/index.php\/wp-json\/wp\/v2\/types\/post"}],"author":[{"embeddable":true,"href":"https:\/\/www.e-anjelik.sk\/index.php\/wp-json\/wp\/v2\/users\/4"}],"replies":[{"embeddable":true,"href":"https:\/\/www.e-anjelik.sk\/index.php\/wp-json\/wp\/v2\/comments?post=28584"}],"version-history":[{"count":1,"href":"https:\/\/www.e-anjelik.sk\/index.php\/wp-json\/wp\/v2\/posts\/28584\/revisions"}],"predecessor-version":[{"id":33449,"href":"https:\/\/www.e-anjelik.sk\/index.php\/wp-json\/wp\/v2\/posts\/28584\/revisions\/33449"}],"wp:attachment":[{"href":"https:\/\/www.e-anjelik.sk\/index.php\/wp-json\/wp\/v2\/media?parent=28584"}],"wp:term":[{"taxonomy":"category","embeddable":true,"href":"https:\/\/www.e-anjelik.sk\/index.php\/wp-json\/wp\/v2\/categories?post=28584"},{"taxonomy":"post_tag","embeddable":true,"href":"https:\/\/www.e-anjelik.sk\/index.php\/wp-json\/wp\/v2\/tags?post=28584"}],"curies":[{"name":"wp","href":"https:\/\/api.w.org\/{rel}","templated":true}]}}