{"id":28592,"date":"2015-06-18T08:17:52","date_gmt":"2015-06-18T06:17:52","guid":{"rendered":"http:\/\/www.evanjelik.sk\/?p=28592"},"modified":"2015-06-18T08:17:52","modified_gmt":"2015-06-18T06:17:52","slug":"zmensovanie-poctu-nemeckych-krestanov","status":"publish","type":"post","link":"https:\/\/www.e-anjelik.sk\/index.php\/2015\/06\/18\/zmensovanie-poctu-nemeckych-krestanov\/","title":{"rendered":"Zmen\u0161ovanie po\u010dtu nemeck\u00fdch kres\u0165anov"},"content":{"rendered":"<p>Obe ve\u013ek\u00e9 kres\u0165ansk\u00e9 cirkvi v Nemecku vykazuj\u00fa zni\u017eovanie po\u010dtu svojich \u010dlenov. Vypl\u00fdva to z prieskumu agent\u00fary idea. Pod\u013ea aktu\u00e1lnej \u0161tatistiky mala EKD v 20\u00a0 krajinsk\u00fdch cirkv\u00e1ch k 31. decembru 2013\u00a0 23 mili\u00f3nov \u010dlenov, \u010do je o 1,4% menej ako rok predt\u00fdm. R\u00edmskokatol\u00edcka cirkev v rovnakom \u010dase klesla o 0,7% na 24,2 mil. \u010dlenov. Pokles sp\u00f4sobuje nepriazniv\u00e1 p\u00f4rodnos\u0165, viacej \u013eud\u00ed umiera, ako sa rod\u00ed det\u00ed. V r. 2013 z kat. cirkvi vyst\u00fapilo 178. 805 os\u00f4b, z evanjelickej 176. 551 \u010dlenov. Oproti tomu vzr\u00e1stol po\u010det \u010dlenov\u00a0letni\u010dnej cirkvi o 5,9% na 51. 896 \u010dlenov. Zv\u00e4z evanjelick\u00fdch slobodn\u00fdch cirkevn\u00fdch zborov (baptisti a bratsk\u00e9 zbory) vzr\u00e1stli o 0.6% na 81. 930 \u010dlenov. Ostatn\u00e9 protestantsk\u00e9 denomin\u00e1cie vykazuj\u00fa stagn\u00e1ciu alebo ich po\u010det kles\u00e1 (adventisti a metodisti).<\/p>\n<p>(www.idea.de)<\/p>\n","protected":false},"excerpt":{"rendered":"<p>Obe ve\u013ek\u00e9 kres\u0165ansk\u00e9 cirkvi v Nemecku vykazuj\u00fa zni\u017eovanie po\u010dtu svojich \u010dlenov. Vypl\u00fdva to z prieskumu agent\u00fary idea. Pod\u013ea aktu\u00e1lnej \u0161tatistiky mala EKD v 20\u00a0 krajinsk\u00fdch cirkv\u00e1ch k 31. decembru 2013\u00a0 23 mili\u00f3nov \u010dlenov, \u010do je o 1,4% menej ako rok predt\u00fdm. R\u00edmskokatol\u00edcka cirkev v rovnakom \u010dase klesla o 0,7% na 24,2 mil. \u010dlenov. Pokles sp\u00f4sobuje &#8230; <a title=\"Zmen\u0161ovanie po\u010dtu nemeck\u00fdch kres\u0165anov\" class=\"read-more\" href=\"https:\/\/www.e-anjelik.sk\/index.php\/2015\/06\/18\/zmensovanie-poctu-nemeckych-krestanov\/\" aria-label=\"Pre\u010d\u00edtajte si viac o Zmen\u0161ovanie po\u010dtu nemeck\u00fdch kres\u0165anov\">\u010c\u00edta\u0165 viac<\/a><\/p>\n","protected":false},"author":2,"featured_media":0,"comment_status":"open","ping_status":"open","sticky":false,"template":"","format":"standard","meta":{"footnotes":""},"categories":[1],"tags":[],"class_list":["post-28592","post","type-post","status-publish","format-standard","hentry","category-adventna-modlitba"],"_links":{"self":[{"href":"https:\/\/www.e-anjelik.sk\/index.php\/wp-json\/wp\/v2\/posts\/28592","targetHints":{"allow":["GET"]}}],"collection":[{"href":"https:\/\/www.e-anjelik.sk\/index.php\/wp-json\/wp\/v2\/posts"}],"about":[{"href":"https:\/\/www.e-anjelik.sk\/index.php\/wp-json\/wp\/v2\/types\/post"}],"author":[{"embeddable":true,"href":"https:\/\/www.e-anjelik.sk\/index.php\/wp-json\/wp\/v2\/users\/2"}],"replies":[{"embeddable":true,"href":"https:\/\/www.e-anjelik.sk\/index.php\/wp-json\/wp\/v2\/comments?post=28592"}],"version-history":[{"count":0,"href":"https:\/\/www.e-anjelik.sk\/index.php\/wp-json\/wp\/v2\/posts\/28592\/revisions"}],"wp:attachment":[{"href":"https:\/\/www.e-anjelik.sk\/index.php\/wp-json\/wp\/v2\/media?parent=28592"}],"wp:term":[{"taxonomy":"category","embeddable":true,"href":"https:\/\/www.e-anjelik.sk\/index.php\/wp-json\/wp\/v2\/categories?post=28592"},{"taxonomy":"post_tag","embeddable":true,"href":"https:\/\/www.e-anjelik.sk\/index.php\/wp-json\/wp\/v2\/tags?post=28592"}],"curies":[{"name":"wp","href":"https:\/\/api.w.org\/{rel}","templated":true}]}}