{"id":28594,"date":"2015-06-19T10:32:54","date_gmt":"2015-06-19T08:32:54","guid":{"rendered":"http:\/\/www.evanjelik.sk\/?p=28594"},"modified":"2015-06-19T10:32:54","modified_gmt":"2015-06-19T08:32:54","slug":"demonstracia-proti-prenasledovaniu-krestanov-vo-svete","status":"publish","type":"post","link":"https:\/\/www.e-anjelik.sk\/index.php\/2015\/06\/19\/demonstracia-proti-prenasledovaniu-krestanov-vo-svete\/","title":{"rendered":"Demon\u0161tr\u00e1cia proti prenasledovaniu kres\u0165anov vo svete"},"content":{"rendered":"<p>V utorok 16. j\u00fana 2015 sa v\u00a0 hlavnom meste Ma\u010farska Budape\u0161ti konala demon\u0161tr\u00e1cia proti prenasledovaniu kres\u0165anov vo svete. Podujatie zorganizovali tri spolo\u010densk\u00e9 organiz\u00e1cie pod n\u00e1zvom &#8222;Zap\u00e1\u013e svie\u010dku&#8220;. Na pochode sa mohol z\u00fa\u010dastni\u0165 ka\u017ed\u00fd ob\u010dan s podmienkou, \u017ee nebude prezentova\u0165 nijak\u00fa politick\u00fa stranu alebo politick\u00e9 hnutie , teda bez z\u00e1stav, plag\u00e1tov \u010di transparentov s politick\u00fdm prejavom. Pochod sa za\u010dal pri kostole reformovan\u00fdch na Kalvinovom n\u00e1mest\u00ed. Pokra\u010doval k evanjelick\u00e9mu kostolu na De\u00e1kovom n\u00e1mest\u00ed a odtia\u013e k bazilike sv. \u0160tefana.<\/p>\n<p>(www.evangelikus.hu)<\/p>\n<p><img decoding=\"async\" src=\"http:\/\/www.evangelikus.hu\/sites\/default\/files\/styles\/article_large\/public\/felvonulas20150617.jpeg?itok=qE1zqmc3\" alt=\"\" \/><\/p>\n","protected":false},"excerpt":{"rendered":"<p>V utorok 16. j\u00fana 2015 sa v\u00a0 hlavnom meste Ma\u010farska Budape\u0161ti konala demon\u0161tr\u00e1cia proti prenasledovaniu kres\u0165anov vo svete. Podujatie zorganizovali tri spolo\u010densk\u00e9 organiz\u00e1cie pod n\u00e1zvom &#8222;Zap\u00e1\u013e svie\u010dku&#8220;. Na pochode sa mohol z\u00fa\u010dastni\u0165 ka\u017ed\u00fd ob\u010dan s podmienkou, \u017ee nebude prezentova\u0165 nijak\u00fa politick\u00fa stranu alebo politick\u00e9 hnutie , teda bez z\u00e1stav, plag\u00e1tov \u010di transparentov s politick\u00fdm prejavom. &#8230; <a title=\"Demon\u0161tr\u00e1cia proti prenasledovaniu kres\u0165anov vo svete\" class=\"read-more\" href=\"https:\/\/www.e-anjelik.sk\/index.php\/2015\/06\/19\/demonstracia-proti-prenasledovaniu-krestanov-vo-svete\/\" aria-label=\"Pre\u010d\u00edtajte si viac o Demon\u0161tr\u00e1cia proti prenasledovaniu kres\u0165anov vo svete\">\u010c\u00edta\u0165 viac<\/a><\/p>\n","protected":false},"author":2,"featured_media":0,"comment_status":"open","ping_status":"open","sticky":false,"template":"","format":"standard","meta":{"footnotes":""},"categories":[1],"tags":[],"class_list":["post-28594","post","type-post","status-publish","format-standard","hentry","category-adventna-modlitba"],"_links":{"self":[{"href":"https:\/\/www.e-anjelik.sk\/index.php\/wp-json\/wp\/v2\/posts\/28594","targetHints":{"allow":["GET"]}}],"collection":[{"href":"https:\/\/www.e-anjelik.sk\/index.php\/wp-json\/wp\/v2\/posts"}],"about":[{"href":"https:\/\/www.e-anjelik.sk\/index.php\/wp-json\/wp\/v2\/types\/post"}],"author":[{"embeddable":true,"href":"https:\/\/www.e-anjelik.sk\/index.php\/wp-json\/wp\/v2\/users\/2"}],"replies":[{"embeddable":true,"href":"https:\/\/www.e-anjelik.sk\/index.php\/wp-json\/wp\/v2\/comments?post=28594"}],"version-history":[{"count":0,"href":"https:\/\/www.e-anjelik.sk\/index.php\/wp-json\/wp\/v2\/posts\/28594\/revisions"}],"wp:attachment":[{"href":"https:\/\/www.e-anjelik.sk\/index.php\/wp-json\/wp\/v2\/media?parent=28594"}],"wp:term":[{"taxonomy":"category","embeddable":true,"href":"https:\/\/www.e-anjelik.sk\/index.php\/wp-json\/wp\/v2\/categories?post=28594"},{"taxonomy":"post_tag","embeddable":true,"href":"https:\/\/www.e-anjelik.sk\/index.php\/wp-json\/wp\/v2\/tags?post=28594"}],"curies":[{"name":"wp","href":"https:\/\/api.w.org\/{rel}","templated":true}]}}