{"id":28596,"date":"2015-06-19T11:01:13","date_gmt":"2015-06-19T09:01:13","guid":{"rendered":"http:\/\/www.evanjelik.sk\/?p=28596"},"modified":"2015-06-19T11:01:13","modified_gmt":"2015-06-19T09:01:13","slug":"ecic-mala-zasadnutie-v-helsinkach","status":"publish","type":"post","link":"https:\/\/www.e-anjelik.sk\/index.php\/2015\/06\/19\/ecic-mala-zasadnutie-v-helsinkach\/","title":{"rendered":"ECIC mala zasadnutie v Helsink\u00e1ch"},"content":{"rendered":"<p>The European Christian Internet Conference (ECIC) &#8211; Eur\u00f3pska kres\u0165ansk\u00e1 internetov\u00e1 konferencia mala od 9. do 12. j\u00fana 2015 svoje 20. zasadnutie v Helsink\u00e1ch, F\u00ednsko. \u00a0Na podujat\u00ed sa z\u00fa\u010dastnili novin\u00e1ri, publicisti a pracovn\u00edci internetu , ktor\u00ed pracuj\u00fa s kres\u0165anskou tematikou, v cirkv\u00e1ch alebo kres\u0165ansk\u00fdch organiz\u00e1ci\u00e1ch. Pr\u00edtomn\u00ed boli z\u00e1stupcovia takmer z celej Eur\u00f3py. Cie\u013eom konferencie bola v\u00fdmena sk\u00fasenost\u00ed , osobn\u00e9 rozhovory, tvoriv\u00e9 dielne, predn\u00e1\u0161ky a diskusia. S\u00fa\u010das\u0165ou boli i denn\u00e9 pobo\u017enosti. Osobitn\u00e1 pozornos\u0165 sa venovala po\u010d\u00edta\u010dov\u00fdm hr\u00e1m pre konfirmandov, pri ktorej sa hrav\u00fdm sp\u00f4sobom mlad\u00ed s\u00fa\u010dasne u\u010dia. Neodmyslite\u013enou diskusiou boli i negat\u00edvne vplyvy internetu na deti a ml\u00e1de\u017e. Jeden de\u0148 pr\u00edtomn\u00ed spozn\u00e1vali na exkurzii pam\u00e4tihodnosti hlavn\u00e9ho mesta F\u00ednska.<\/p>\n<p>(www.luteranie.pl) (www.ecic.mobi)<\/p>\n","protected":false},"excerpt":{"rendered":"<p>The European Christian Internet Conference (ECIC) &#8211; Eur\u00f3pska kres\u0165ansk\u00e1 internetov\u00e1 konferencia mala od 9. do 12. j\u00fana 2015 svoje 20. zasadnutie v Helsink\u00e1ch, F\u00ednsko. \u00a0Na podujat\u00ed sa z\u00fa\u010dastnili novin\u00e1ri, publicisti a pracovn\u00edci internetu , ktor\u00ed pracuj\u00fa s kres\u0165anskou tematikou, v cirkv\u00e1ch alebo kres\u0165ansk\u00fdch organiz\u00e1ci\u00e1ch. Pr\u00edtomn\u00ed boli z\u00e1stupcovia takmer z celej Eur\u00f3py. Cie\u013eom konferencie bola v\u00fdmena &#8230; <a title=\"ECIC mala zasadnutie v Helsink\u00e1ch\" class=\"read-more\" href=\"https:\/\/www.e-anjelik.sk\/index.php\/2015\/06\/19\/ecic-mala-zasadnutie-v-helsinkach\/\" aria-label=\"Pre\u010d\u00edtajte si viac o ECIC mala zasadnutie v Helsink\u00e1ch\">\u010c\u00edta\u0165 viac<\/a><\/p>\n","protected":false},"author":2,"featured_media":0,"comment_status":"open","ping_status":"open","sticky":false,"template":"","format":"standard","meta":{"footnotes":""},"categories":[1],"tags":[],"class_list":["post-28596","post","type-post","status-publish","format-standard","hentry","category-adventna-modlitba"],"_links":{"self":[{"href":"https:\/\/www.e-anjelik.sk\/index.php\/wp-json\/wp\/v2\/posts\/28596","targetHints":{"allow":["GET"]}}],"collection":[{"href":"https:\/\/www.e-anjelik.sk\/index.php\/wp-json\/wp\/v2\/posts"}],"about":[{"href":"https:\/\/www.e-anjelik.sk\/index.php\/wp-json\/wp\/v2\/types\/post"}],"author":[{"embeddable":true,"href":"https:\/\/www.e-anjelik.sk\/index.php\/wp-json\/wp\/v2\/users\/2"}],"replies":[{"embeddable":true,"href":"https:\/\/www.e-anjelik.sk\/index.php\/wp-json\/wp\/v2\/comments?post=28596"}],"version-history":[{"count":0,"href":"https:\/\/www.e-anjelik.sk\/index.php\/wp-json\/wp\/v2\/posts\/28596\/revisions"}],"wp:attachment":[{"href":"https:\/\/www.e-anjelik.sk\/index.php\/wp-json\/wp\/v2\/media?parent=28596"}],"wp:term":[{"taxonomy":"category","embeddable":true,"href":"https:\/\/www.e-anjelik.sk\/index.php\/wp-json\/wp\/v2\/categories?post=28596"},{"taxonomy":"post_tag","embeddable":true,"href":"https:\/\/www.e-anjelik.sk\/index.php\/wp-json\/wp\/v2\/tags?post=28596"}],"curies":[{"name":"wp","href":"https:\/\/api.w.org\/{rel}","templated":true}]}}