{"id":28598,"date":"2015-06-20T08:58:41","date_gmt":"2015-06-20T06:58:41","guid":{"rendered":"http:\/\/www.evanjelik.sk\/?p=28598"},"modified":"2015-06-20T08:58:41","modified_gmt":"2015-06-20T06:58:41","slug":"den-otcov-2","status":"publish","type":"post","link":"https:\/\/www.e-anjelik.sk\/index.php\/2015\/06\/20\/den-otcov-2\/","title":{"rendered":"De\u0148 otcov"},"content":{"rendered":"<p>Tretia nede\u013ea v mesiaci j\u00fan je vo svete ur\u010den\u00e1 ako De\u0148 otcov. V USA sa u\u017e za\u010diatkom minul\u00e9ho storo\u010dia jednotlivci pok\u00fa\u0161ali oslavova\u0165 tento de\u0148, ale nedarilo sa ho roz\u0161\u00edri\u0165 po celej \u00fanii. A\u017e v r. 1966 prezident USA Lyndon Johnson podp\u00edsal vyhl\u00e1senie o sl\u00e1ven\u00ed D\u0148a otcov. Ako vid\u00edme, aj teraz e\u0161te je tento de\u0148 pripom\u00ednan\u00fd ve\u013emi cudne, optrn\u00edcky a\u017e \u013eahostajne. Pritom otcovia si zasluhuj\u00fa tak\u00fa ist\u00fa \u00factu a \u010des\u0165 ako mamy. Rodi\u010dia a deti tvoria rodinu a rodina je z\u00e1kladom \u0161t\u00e1tu. \u0160\u0165astn\u00e9 s\u00fa kompletn\u00e9 rodiny! \u017dia\u013e, dnes je ve\u013ea ne\u00fapln\u00fdch rod\u00edn, kde pr\u00e1ve otec ch\u00fdba. Prejavuje sa to na nezdravom du\u0161evnom v\u00fdvoji det\u00ed. Bo\u017eie slovo je pln\u00e9 smern\u00edc,\u00a0 napomenut\u00ed i zas\u013e\u00faben\u00ed pre otcov. Otcovia hraj\u00fa prim\u00e1rnu \u00falohu. Deti si maj\u00fa v\u00e1\u017ei\u0165 oboch rodi\u010dov, milova\u0165 ich a cti\u0165. Ak P\u00e1n Boh, ako n\u00e1\u0161 Otec nebesk\u00fd sa o n\u00e1s star\u00e1, po\u017eehn\u00e1va , vypo\u010d\u00fava modlitby, pri vykon\u00e1van\u00ed zla, trest\u00e1 otcov a i \u010fal\u0161ie pokolenia po \u0148om. Ale plat\u00ed to aj opa\u010dne: Jeho po\u017eehnanie na otcoch spo\u010dinie aj na \u010fal\u0161\u00edch pokoleniach. Prajeme si mnoho \u00fapln\u00fdch, \u0161\u0165astn\u00fdch slovensk\u00fdch rod\u00edn, na ktor\u00fdch spo\u010dinie Bo\u017eie po\u017eehnanie.<\/p>\n","protected":false},"excerpt":{"rendered":"<p>Tretia nede\u013ea v mesiaci j\u00fan je vo svete ur\u010den\u00e1 ako De\u0148 otcov. V USA sa u\u017e za\u010diatkom minul\u00e9ho storo\u010dia jednotlivci pok\u00fa\u0161ali oslavova\u0165 tento de\u0148, ale nedarilo sa ho roz\u0161\u00edri\u0165 po celej \u00fanii. A\u017e v r. 1966 prezident USA Lyndon Johnson podp\u00edsal vyhl\u00e1senie o sl\u00e1ven\u00ed D\u0148a otcov. Ako vid\u00edme, aj teraz e\u0161te je tento de\u0148 pripom\u00ednan\u00fd &#8230; <a title=\"De\u0148 otcov\" class=\"read-more\" href=\"https:\/\/www.e-anjelik.sk\/index.php\/2015\/06\/20\/den-otcov-2\/\" aria-label=\"Pre\u010d\u00edtajte si viac o De\u0148 otcov\">\u010c\u00edta\u0165 viac<\/a><\/p>\n","protected":false},"author":2,"featured_media":0,"comment_status":"open","ping_status":"open","sticky":false,"template":"","format":"standard","meta":{"footnotes":""},"categories":[1],"tags":[],"class_list":["post-28598","post","type-post","status-publish","format-standard","hentry","category-adventna-modlitba"],"_links":{"self":[{"href":"https:\/\/www.e-anjelik.sk\/index.php\/wp-json\/wp\/v2\/posts\/28598","targetHints":{"allow":["GET"]}}],"collection":[{"href":"https:\/\/www.e-anjelik.sk\/index.php\/wp-json\/wp\/v2\/posts"}],"about":[{"href":"https:\/\/www.e-anjelik.sk\/index.php\/wp-json\/wp\/v2\/types\/post"}],"author":[{"embeddable":true,"href":"https:\/\/www.e-anjelik.sk\/index.php\/wp-json\/wp\/v2\/users\/2"}],"replies":[{"embeddable":true,"href":"https:\/\/www.e-anjelik.sk\/index.php\/wp-json\/wp\/v2\/comments?post=28598"}],"version-history":[{"count":0,"href":"https:\/\/www.e-anjelik.sk\/index.php\/wp-json\/wp\/v2\/posts\/28598\/revisions"}],"wp:attachment":[{"href":"https:\/\/www.e-anjelik.sk\/index.php\/wp-json\/wp\/v2\/media?parent=28598"}],"wp:term":[{"taxonomy":"category","embeddable":true,"href":"https:\/\/www.e-anjelik.sk\/index.php\/wp-json\/wp\/v2\/categories?post=28598"},{"taxonomy":"post_tag","embeddable":true,"href":"https:\/\/www.e-anjelik.sk\/index.php\/wp-json\/wp\/v2\/tags?post=28598"}],"curies":[{"name":"wp","href":"https:\/\/api.w.org\/{rel}","templated":true}]}}