{"id":2860,"date":"2010-05-31T14:22:29","date_gmt":"2010-05-31T14:22:29","guid":{"rendered":"http:\/\/e-anjelik.sk\/?p=2860"},"modified":"2010-05-31T14:22:29","modified_gmt":"2010-05-31T14:22:29","slug":"pestry-program-v-rakuskych-ev-diecezach-na-sviatok-gustava-adolfa","status":"publish","type":"post","link":"https:\/\/www.e-anjelik.sk\/index.php\/2010\/05\/31\/pestry-program-v-rakuskych-ev-diecezach-na-sviatok-gustava-adolfa\/","title":{"rendered":"Pestr\u00fd program v rak\u00faskych ev. diec\u00e9zach na sviatok Gustava Adolfa"},"content":{"rendered":"<p>Tento &scaron;tvrtok je v katol&iacute;ckej cirkvi sl&aacute;ven&yacute; ako Sviatok Bo\u017eieho tela. V Nemecku a v Rak&uacute;sku evanjelici tieto dni pracovn&eacute;ho pokoja u\u017e tradi\u010dne vyu\u017e&iacute;vaj&uacute; na vlastn&eacute; cirkevn&eacute; sl&aacute;vnosti . V Nemecku je to tzv. De\u0148 pod Bo\u017e&iacute;m slovom, \u010do s&uacute; ve\u013ek&eacute; zhroma\u017edenia veriacich pri P&iacute;sme, jeho v&yacute;klade, evanjeliz&aacute;ci&aacute;ch, predn&aacute;&scaron;kach a semin&aacute;roch. V&nbsp;Rak&uacute;sku organizuj&uacute; tzv. Dni Gustava Adolfa alebo aj cirkevn&eacute; dni -lok&aacute;lne Kirchentagy. Ka6d&aacute; diec&eacute;za si organizuje svoj vlastn&yacute; program. I toho roku pripravili pre n&aacute;v&scaron;tevn&iacute;kov bohat&eacute; a r&ocirc;znorod&eacute; programy (bohoslu\u017eby, vyst&uacute;penia spevokolov a hudobn&yacute;ch skup&iacute;n, predn&aacute;&scaron;ky, &scaron;portov&eacute; a z&aacute;bavn&eacute; s&uacute;\u0165a\u017ee, hry, v&yacute;stavy a pod.).<\/p>\n<p>(<a href=\"http:\/\/www.evang.at\">www.evang.at<\/a>)<\/p>\n","protected":false},"excerpt":{"rendered":"<p>Tento &scaron;tvrtok je v katol&iacute;ckej cirkvi sl&aacute;ven&yacute; ako Sviatok Bo\u017eieho tela. V Nemecku a v Rak&uacute;sku evanjelici tieto dni pracovn&eacute;ho pokoja u\u017e tradi\u010dne vyu\u017e&iacute;vaj&uacute; na vlastn&eacute; cirkevn&eacute; sl&aacute;vnosti . V Nemecku je to tzv. De\u0148 pod Bo\u017e&iacute;m slovom, \u010do s&uacute; ve\u013ek&eacute; zhroma\u017edenia veriacich pri P&iacute;sme, jeho v&yacute;klade, evanjeliz&aacute;ci&aacute;ch, predn&aacute;&scaron;kach a semin&aacute;roch. V&nbsp;Rak&uacute;sku organizuj&uacute; tzv. Dni &#8230; <a title=\"Pestr\u00fd program v rak\u00faskych ev. diec\u00e9zach na sviatok Gustava Adolfa\" class=\"read-more\" href=\"https:\/\/www.e-anjelik.sk\/index.php\/2010\/05\/31\/pestry-program-v-rakuskych-ev-diecezach-na-sviatok-gustava-adolfa\/\" aria-label=\"Pre\u010d\u00edtajte si viac o Pestr\u00fd program v rak\u00faskych ev. diec\u00e9zach na sviatok Gustava Adolfa\">\u010c\u00edta\u0165 viac<\/a><\/p>\n","protected":false},"author":22,"featured_media":0,"comment_status":"open","ping_status":"open","sticky":false,"template":"","format":"standard","meta":{"footnotes":""},"categories":[9,10],"tags":[],"class_list":["post-2860","post","type-post","status-publish","format-standard","hentry","category-europa","category-zo-sveta"],"_links":{"self":[{"href":"https:\/\/www.e-anjelik.sk\/index.php\/wp-json\/wp\/v2\/posts\/2860","targetHints":{"allow":["GET"]}}],"collection":[{"href":"https:\/\/www.e-anjelik.sk\/index.php\/wp-json\/wp\/v2\/posts"}],"about":[{"href":"https:\/\/www.e-anjelik.sk\/index.php\/wp-json\/wp\/v2\/types\/post"}],"author":[{"embeddable":true,"href":"https:\/\/www.e-anjelik.sk\/index.php\/wp-json\/wp\/v2\/users\/22"}],"replies":[{"embeddable":true,"href":"https:\/\/www.e-anjelik.sk\/index.php\/wp-json\/wp\/v2\/comments?post=2860"}],"version-history":[{"count":0,"href":"https:\/\/www.e-anjelik.sk\/index.php\/wp-json\/wp\/v2\/posts\/2860\/revisions"}],"wp:attachment":[{"href":"https:\/\/www.e-anjelik.sk\/index.php\/wp-json\/wp\/v2\/media?parent=2860"}],"wp:term":[{"taxonomy":"category","embeddable":true,"href":"https:\/\/www.e-anjelik.sk\/index.php\/wp-json\/wp\/v2\/categories?post=2860"},{"taxonomy":"post_tag","embeddable":true,"href":"https:\/\/www.e-anjelik.sk\/index.php\/wp-json\/wp\/v2\/tags?post=2860"}],"curies":[{"name":"wp","href":"https:\/\/api.w.org\/{rel}","templated":true}]}}