{"id":28602,"date":"2015-06-20T09:40:50","date_gmt":"2015-06-20T07:40:50","guid":{"rendered":"http:\/\/www.evanjelik.sk\/?p=28602"},"modified":"2015-06-20T09:40:50","modified_gmt":"2015-06-20T07:40:50","slug":"karelska-evanjelicko-luteranska-cirkev-v-rusku-ma-noveho-biskupa","status":"publish","type":"post","link":"https:\/\/www.e-anjelik.sk\/index.php\/2015\/06\/20\/karelska-evanjelicko-luteranska-cirkev-v-rusku-ma-noveho-biskupa\/","title":{"rendered":"Karelsk\u00e1 evanjelicko-luter\u00e1nska cirkev v Rusku m\u00e1 nov\u00e9ho biskupa"},"content":{"rendered":"<p>V dev\u00e4\u0165desiatych rokoch sa v Kar\u00e9lii od ELCIR odtrhla \u010das\u0165 cirkevn\u00fdch zborov a vytvorila Karelsk\u00fa cirkev. Pr\u00ed\u010dinou bolo, \u017ee Ingermanlandsk\u00e1 cirkev sl\u00fa\u017eila iba po f\u00ednsky, nie po karelsky. T\u00e1to cirkev m\u00e1 asi 2 tis\u00edc \u010dlenov a asi 15 cirkevn\u00fdch zborov. Bohoslu\u017eobn\u00fdm jazykom je karel\u010dina. S\u00eddlom cirkvi je mesto Sortavala. V nede\u013eu 14. j\u00fana 2015 sa v tamoj\u0161ej katedr\u00e1le konala sl\u00e1vnos\u0165 in\u0161tal\u00e1cie nov\u00e9ho biskupa tejto cirkvi Alexandra Kuznecova. In\u0161taloval biskup Evanjelicko-luter\u00e1nskej cirkvi a.v. v Rusku Konstantin Andrejev z Moskvy. Asistovali mu biskup Severn\u00e9ho okruhu tejto cirkvi Igor Kniazev a biskup Ju\u017en\u00e9ho okruhu Pavel Levu\u0161kan spolu s viacer\u00fdmi karelsk\u00fdmi k\u0148azmi. S\u00fa\u010dasne v ten de\u0148 podp\u00edsali biskupi oboch cirkv\u00ed dohodu o vytvoren\u00ed biskupskej konferencie ako konzultat\u00edvneho org\u00e1nu.<\/p>\n<p><img decoding=\"async\" class=\"preview_image\" src=\"http:\/\/baznica.info\/media\/cache\/c4\/ca\/c4caa0b30c920411ba32b9b41b04e3d6.jpg\" alt=\"\" width=\"480\" align=\"left\" \/>\u00a0\u00a0\u00a0\u00a0\u00a0 (www.baznica.info)<\/p>\n","protected":false},"excerpt":{"rendered":"<p>V dev\u00e4\u0165desiatych rokoch sa v Kar\u00e9lii od ELCIR odtrhla \u010das\u0165 cirkevn\u00fdch zborov a vytvorila Karelsk\u00fa cirkev. Pr\u00ed\u010dinou bolo, \u017ee Ingermanlandsk\u00e1 cirkev sl\u00fa\u017eila iba po f\u00ednsky, nie po karelsky. T\u00e1to cirkev m\u00e1 asi 2 tis\u00edc \u010dlenov a asi 15 cirkevn\u00fdch zborov. Bohoslu\u017eobn\u00fdm jazykom je karel\u010dina. S\u00eddlom cirkvi je mesto Sortavala. V nede\u013eu 14. j\u00fana 2015 sa &#8230; <a title=\"Karelsk\u00e1 evanjelicko-luter\u00e1nska cirkev v Rusku m\u00e1 nov\u00e9ho biskupa\" class=\"read-more\" href=\"https:\/\/www.e-anjelik.sk\/index.php\/2015\/06\/20\/karelska-evanjelicko-luteranska-cirkev-v-rusku-ma-noveho-biskupa\/\" aria-label=\"Pre\u010d\u00edtajte si viac o Karelsk\u00e1 evanjelicko-luter\u00e1nska cirkev v Rusku m\u00e1 nov\u00e9ho biskupa\">\u010c\u00edta\u0165 viac<\/a><\/p>\n","protected":false},"author":2,"featured_media":0,"comment_status":"open","ping_status":"open","sticky":false,"template":"","format":"standard","meta":{"footnotes":""},"categories":[1],"tags":[],"class_list":["post-28602","post","type-post","status-publish","format-standard","hentry","category-adventna-modlitba"],"_links":{"self":[{"href":"https:\/\/www.e-anjelik.sk\/index.php\/wp-json\/wp\/v2\/posts\/28602","targetHints":{"allow":["GET"]}}],"collection":[{"href":"https:\/\/www.e-anjelik.sk\/index.php\/wp-json\/wp\/v2\/posts"}],"about":[{"href":"https:\/\/www.e-anjelik.sk\/index.php\/wp-json\/wp\/v2\/types\/post"}],"author":[{"embeddable":true,"href":"https:\/\/www.e-anjelik.sk\/index.php\/wp-json\/wp\/v2\/users\/2"}],"replies":[{"embeddable":true,"href":"https:\/\/www.e-anjelik.sk\/index.php\/wp-json\/wp\/v2\/comments?post=28602"}],"version-history":[{"count":0,"href":"https:\/\/www.e-anjelik.sk\/index.php\/wp-json\/wp\/v2\/posts\/28602\/revisions"}],"wp:attachment":[{"href":"https:\/\/www.e-anjelik.sk\/index.php\/wp-json\/wp\/v2\/media?parent=28602"}],"wp:term":[{"taxonomy":"category","embeddable":true,"href":"https:\/\/www.e-anjelik.sk\/index.php\/wp-json\/wp\/v2\/categories?post=28602"},{"taxonomy":"post_tag","embeddable":true,"href":"https:\/\/www.e-anjelik.sk\/index.php\/wp-json\/wp\/v2\/tags?post=28602"}],"curies":[{"name":"wp","href":"https:\/\/api.w.org\/{rel}","templated":true}]}}