{"id":28604,"date":"2015-06-21T13:38:38","date_gmt":"2015-06-21T11:38:38","guid":{"rendered":"http:\/\/www.evanjelik.sk\/?p=28604"},"modified":"2025-08-15T16:43:37","modified_gmt":"2025-08-15T14:43:37","slug":"600-rokov-od-umucenia-jana-husa","status":"publish","type":"post","link":"https:\/\/www.e-anjelik.sk\/index.php\/2015\/06\/21\/600-rokov-od-umucenia-jana-husa\/","title":{"rendered":"600 rokov od umu\u010denia J\u00e1na Husa"},"content":{"rendered":"\n<p><a href=\"http:\/\/www.evanjelik.sk\/wp-content\/uploads\/2015\/06\/Jan-Hus-600-plagat-A4.pdf\">Jan-Hus-600 plagat A4<\/a><\/p>\n\n\n\n<p>OZ Charis v spolupr\u00e1ci s Cirkevn\u00fdm zborom ECAV v Brezovej pod Bradlom<br>\na Mestom Brezov\u00e1 pod Bradlom<br>\nsi v\u00e1s dovo\u013euje pozva\u0165 na s\u00e9riu podujat\u00ed<br>\nk 600. v\u00fdro\u010diu up\u00e1lenia Majstra Jana Husa a 93. v\u00fdro\u010diu odhalenia Husovho pomn\u00edka<br>\nv Brezovej pod Bradlom<br>\nMu\u010den\u00edk pravdy Kristovej<br>\ns s s<br>\nPiatok 3. 7. 2015<br>\n10.00 \u2013 12.00 Semin\u00e1r pri pr\u00edle\u017eitosti oboch v\u00fdro\u010d\u00ed v N\u00e1rodnom dome M. R. \u0160tef\u00e1nika<\/p>\n\n\n\n<p>Nede\u013ea 5. 7. 2015<br>\n14.30 Sl\u00e1vnostn\u00e9 uvedenie publik\u00e1cie Mu\u010den\u00edk pravdy Kristovej<br>\nv N\u00e1rodnom dome M. R. \u0160tef\u00e1nika<\/p>\n","protected":false},"excerpt":{"rendered":"<p>Jan-Hus-600 plagat A4 OZ Charis v spolupr\u00e1ci s Cirkevn\u00fdm zborom ECAV v Brezovej pod Bradlom a Mestom Brezov\u00e1 pod Bradlom si v\u00e1s dovo\u013euje pozva\u0165 na s\u00e9riu podujat\u00ed k 600. v\u00fdro\u010diu up\u00e1lenia Majstra Jana Husa a 93. v\u00fdro\u010diu odhalenia Husovho pomn\u00edka v Brezovej pod Bradlom Mu\u010den\u00edk pravdy Kristovej s s s Piatok 3. 7. 2015 10.00 &#8230; <a title=\"600 rokov od umu\u010denia J\u00e1na Husa\" class=\"read-more\" href=\"https:\/\/www.e-anjelik.sk\/index.php\/2015\/06\/21\/600-rokov-od-umucenia-jana-husa\/\" aria-label=\"Pre\u010d\u00edtajte si viac o 600 rokov od umu\u010denia J\u00e1na Husa\">\u010c\u00edta\u0165 viac<\/a><\/p>\n","protected":false},"author":5,"featured_media":0,"comment_status":"open","ping_status":"open","sticky":false,"template":"","format":"standard","meta":{"footnotes":""},"categories":[1],"tags":[],"class_list":["post-28604","post","type-post","status-publish","format-standard","hentry","category-adventna-modlitba"],"_links":{"self":[{"href":"https:\/\/www.e-anjelik.sk\/index.php\/wp-json\/wp\/v2\/posts\/28604","targetHints":{"allow":["GET"]}}],"collection":[{"href":"https:\/\/www.e-anjelik.sk\/index.php\/wp-json\/wp\/v2\/posts"}],"about":[{"href":"https:\/\/www.e-anjelik.sk\/index.php\/wp-json\/wp\/v2\/types\/post"}],"author":[{"embeddable":true,"href":"https:\/\/www.e-anjelik.sk\/index.php\/wp-json\/wp\/v2\/users\/5"}],"replies":[{"embeddable":true,"href":"https:\/\/www.e-anjelik.sk\/index.php\/wp-json\/wp\/v2\/comments?post=28604"}],"version-history":[{"count":1,"href":"https:\/\/www.e-anjelik.sk\/index.php\/wp-json\/wp\/v2\/posts\/28604\/revisions"}],"predecessor-version":[{"id":38323,"href":"https:\/\/www.e-anjelik.sk\/index.php\/wp-json\/wp\/v2\/posts\/28604\/revisions\/38323"}],"wp:attachment":[{"href":"https:\/\/www.e-anjelik.sk\/index.php\/wp-json\/wp\/v2\/media?parent=28604"}],"wp:term":[{"taxonomy":"category","embeddable":true,"href":"https:\/\/www.e-anjelik.sk\/index.php\/wp-json\/wp\/v2\/categories?post=28604"},{"taxonomy":"post_tag","embeddable":true,"href":"https:\/\/www.e-anjelik.sk\/index.php\/wp-json\/wp\/v2\/tags?post=28604"}],"curies":[{"name":"wp","href":"https:\/\/api.w.org\/{rel}","templated":true}]}}