{"id":2861,"date":"2010-05-31T14:38:45","date_gmt":"2010-05-31T14:38:45","guid":{"rendered":"http:\/\/e-anjelik.sk\/?p=2861"},"modified":"2010-05-31T14:38:45","modified_gmt":"2010-05-31T14:38:45","slug":"protestantizmus-je-sucastou-francuzska","status":"publish","type":"post","link":"https:\/\/www.e-anjelik.sk\/index.php\/2010\/05\/31\/protestantizmus-je-sucastou-francuzska\/","title":{"rendered":"Protestantizmus je s\u00fa\u010das\u0165ou Franc\u00fazska"},"content":{"rendered":"<p>Franc&uacute;zsky prezident N. Sarkosy pri pr&iacute;le\u017eitosti znovuotvorenia In&scaron;tit&uacute;tu pre protestantsk&uacute; teol&oacute;giu v Par&iacute;\u017ei pomenovan&eacute;ho pod\u013ea filozofa Paula Ricceaura (1913-2005) ocenil protestantizmus vo Franc&uacute;zsku, ke\u010f povedal, \u017ee je s&uacute;\u010das\u0165ou franc&uacute;zskych dej&iacute;n a&nbsp;kult&uacute;ry. Par&iacute;\u017eska teol. fakulta je popri tej v Montpelieri druhou fakultou in&scaron;tit&uacute;tu. Zalo\u017eili ju v roku 1877 a vychov&aacute;va duchovn&yacute;ch pre reformovan&uacute; cirkev vo Franc&uacute;zsku.&nbsp;Zo 65 mili&oacute;nov obyvate\u013eov Franc&uacute;zska je do 65 % katol&iacute;kov, 4,3% s&uacute; moslimovia a 2% tvoria protestanti.<\/p>\n<p>(<a href=\"http:\/\/www.epd.de\">www.epd.de<\/a>)<\/p>\n","protected":false},"excerpt":{"rendered":"<p>Franc&uacute;zsky prezident N. Sarkosy pri pr&iacute;le\u017eitosti znovuotvorenia In&scaron;tit&uacute;tu pre protestantsk&uacute; teol&oacute;giu v Par&iacute;\u017ei pomenovan&eacute;ho pod\u013ea filozofa Paula Ricceaura (1913-2005) ocenil protestantizmus vo Franc&uacute;zsku, ke\u010f povedal, \u017ee je s&uacute;\u010das\u0165ou franc&uacute;zskych dej&iacute;n a&nbsp;kult&uacute;ry. Par&iacute;\u017eska teol. fakulta je popri tej v Montpelieri druhou fakultou in&scaron;tit&uacute;tu. Zalo\u017eili ju v roku 1877 a vychov&aacute;va duchovn&yacute;ch pre reformovan&uacute; cirkev vo Franc&uacute;zsku.&nbsp;Zo &#8230; <a title=\"Protestantizmus je s\u00fa\u010das\u0165ou Franc\u00fazska\" class=\"read-more\" href=\"https:\/\/www.e-anjelik.sk\/index.php\/2010\/05\/31\/protestantizmus-je-sucastou-francuzska\/\" aria-label=\"Pre\u010d\u00edtajte si viac o Protestantizmus je s\u00fa\u010das\u0165ou Franc\u00fazska\">\u010c\u00edta\u0165 viac<\/a><\/p>\n","protected":false},"author":22,"featured_media":0,"comment_status":"open","ping_status":"open","sticky":false,"template":"","format":"standard","meta":{"footnotes":""},"categories":[9,10],"tags":[],"class_list":["post-2861","post","type-post","status-publish","format-standard","hentry","category-europa","category-zo-sveta"],"_links":{"self":[{"href":"https:\/\/www.e-anjelik.sk\/index.php\/wp-json\/wp\/v2\/posts\/2861","targetHints":{"allow":["GET"]}}],"collection":[{"href":"https:\/\/www.e-anjelik.sk\/index.php\/wp-json\/wp\/v2\/posts"}],"about":[{"href":"https:\/\/www.e-anjelik.sk\/index.php\/wp-json\/wp\/v2\/types\/post"}],"author":[{"embeddable":true,"href":"https:\/\/www.e-anjelik.sk\/index.php\/wp-json\/wp\/v2\/users\/22"}],"replies":[{"embeddable":true,"href":"https:\/\/www.e-anjelik.sk\/index.php\/wp-json\/wp\/v2\/comments?post=2861"}],"version-history":[{"count":0,"href":"https:\/\/www.e-anjelik.sk\/index.php\/wp-json\/wp\/v2\/posts\/2861\/revisions"}],"wp:attachment":[{"href":"https:\/\/www.e-anjelik.sk\/index.php\/wp-json\/wp\/v2\/media?parent=2861"}],"wp:term":[{"taxonomy":"category","embeddable":true,"href":"https:\/\/www.e-anjelik.sk\/index.php\/wp-json\/wp\/v2\/categories?post=2861"},{"taxonomy":"post_tag","embeddable":true,"href":"https:\/\/www.e-anjelik.sk\/index.php\/wp-json\/wp\/v2\/tags?post=2861"}],"curies":[{"name":"wp","href":"https:\/\/api.w.org\/{rel}","templated":true}]}}