{"id":28624,"date":"2015-06-23T10:21:17","date_gmt":"2015-06-23T08:21:17","guid":{"rendered":"http:\/\/www.evanjelik.sk\/?p=28624"},"modified":"2015-06-23T10:21:17","modified_gmt":"2015-06-23T08:21:17","slug":"zasadnutie-rady-slz","status":"publish","type":"post","link":"https:\/\/www.e-anjelik.sk\/index.php\/2015\/06\/23\/zasadnutie-rady-slz\/","title":{"rendered":"Zasadnutie Rady SLZ"},"content":{"rendered":"<p>Od 18. do 22. j\u00fana 2015 sa konalo v \u017deneve pravideln\u00e9 zasadnutie Rady Svetov\u00e9ho luter\u00e1nskeho zv\u00e4zu pod heslom &#8222;N\u00e1dej nezahanbuje&#8220;. Rada SLZ m\u00e1 49 zvolen\u00fdch \u010dlenov, plus prezident SLZ a predseda finan\u010dn\u00e9ho v\u00fdboru. Je to v\u00fdkonn\u00fd org\u00e1n medzi valn\u00fdmi zhroma\u017edeniami. Zasad\u00e1 raz v roku. \u0164a\u017eiskom bola v\u00fdro\u010dn\u00e1 spr\u00e1va gen. tajomn\u00edka SLZ M. Junga o \u010dinnosti spolo\u010denstva v minulom roku a v\u00fdh\u013ead na bud\u00faci rok. Predlo\u017een\u00e9 boli spr\u00e1vy o luter\u00e1nskej identite, o pr\u00edprave na Valn\u00e9 zhroma\u017edenie v Nam\u00edbii v r. 2017, o pr\u00edprave osl\u00e1v jubilea 500. v\u00fdro\u010dia reform\u00e1cie v tom istom roku. Rada si vypo\u010dula spr\u00e1vy jednotliv\u00fdch v\u00fdborov, prerokovala finan\u010dn\u00fa z\u00e1vierku za rok 2014 a n\u00e1vrh rozpo\u010dtu na rok 2016. Rada vymenovala M\u00e1riu Immonen za nov\u00fa riadite\u013eku do Oddelenia pre svetov\u00fa slu\u017ebu a far\u00e1ra Fidona Mwombekiho za riadite\u013ea Oddelenia pre misiu a rozvoj. V nede\u013eu 21. j\u00fana 2015 boli slu\u017eby Bo\u017eie v katedr\u00e1le Sv. Petra v \u017deneve, na ktor\u00fdch \u00fa\u010dinkovali v\u0161etky etnick\u00e9 luter\u00e1nske cirkevn\u00e9 zbory zo \u017denevy a miestny reformovan\u00fd zbor. V pondelok\u00a0 Rada prijala za \u010dlensk\u00fa cirkev SLZ\u00a0 Luter\u00e1nsku cirkev v \u010c\u00ednskej republike (Tajwan) . T\u00e1to cirkev vzi\u0161la z pr\u00e1ce n\u00f3rskej misie, je samostatn\u00e1, m\u00e1 570 \u010dlenov a 10 zborov. Teraz m\u00e1 SLZ\u00a0 145 \u010dlensk\u00fdch cirkv\u00ed v 79 krajin\u00e1ch sveta s vy\u0161e 72 mili\u00f3nmi \u010dlenov. Na z\u00e1ver Rada schv\u00e1lila tieto\u00a0dokumenty:<\/p>\n<p>&#8211; vyhl\u00e1senie ku klimatickej spravodlivosti<\/p>\n<p>&#8211; vyhl\u00e1senie o dlhodob\u00fdch konfliktoch a pre\u0165a\u017eenosti humanit\u00e1rneho pomocn\u00e9ho syst\u00e9mu<\/p>\n<p>-vyhl\u00e1senie k situ\u00e1cii v Tanah Papua (Indon\u00e9zia)<\/p>\n<p>-vyhl\u00e1senie o hriechu rasizmu<\/p>\n<p>&#8211; rezol\u00facia ku Bl\u00edzkemu V\u00fdchodu<\/p>\n<p>&#8211; rezol\u00facia o migrantoch<\/p>\n<p>&#8211; rezol\u00facia o presaden\u00ed diakonickej \u00fa\u010dasti do praxe<\/p>\n<p>&#8211; rezol\u00facia o re\u0161pekte SLZ nigerijsk\u00e9ho \u013eudu.<\/p>\n<p>Bud\u00face zasadnutie Rady SLZ bude v j\u00fani 2016 vo Wittenbergu.<\/p>\n<p>\/www.lutheranworld.org)<\/p>\n<p>&nbsp;<\/p>\n","protected":false},"excerpt":{"rendered":"<p>Od 18. do 22. j\u00fana 2015 sa konalo v \u017deneve pravideln\u00e9 zasadnutie Rady Svetov\u00e9ho luter\u00e1nskeho zv\u00e4zu pod heslom &#8222;N\u00e1dej nezahanbuje&#8220;. Rada SLZ m\u00e1 49 zvolen\u00fdch \u010dlenov, plus prezident SLZ a predseda finan\u010dn\u00e9ho v\u00fdboru. Je to v\u00fdkonn\u00fd org\u00e1n medzi valn\u00fdmi zhroma\u017edeniami. Zasad\u00e1 raz v roku. \u0164a\u017eiskom bola v\u00fdro\u010dn\u00e1 spr\u00e1va gen. tajomn\u00edka SLZ M. Junga o \u010dinnosti &#8230; <a title=\"Zasadnutie Rady SLZ\" class=\"read-more\" href=\"https:\/\/www.e-anjelik.sk\/index.php\/2015\/06\/23\/zasadnutie-rady-slz\/\" aria-label=\"Pre\u010d\u00edtajte si viac o Zasadnutie Rady SLZ\">\u010c\u00edta\u0165 viac<\/a><\/p>\n","protected":false},"author":2,"featured_media":0,"comment_status":"open","ping_status":"open","sticky":false,"template":"","format":"standard","meta":{"footnotes":""},"categories":[1],"tags":[],"class_list":["post-28624","post","type-post","status-publish","format-standard","hentry","category-adventna-modlitba"],"_links":{"self":[{"href":"https:\/\/www.e-anjelik.sk\/index.php\/wp-json\/wp\/v2\/posts\/28624","targetHints":{"allow":["GET"]}}],"collection":[{"href":"https:\/\/www.e-anjelik.sk\/index.php\/wp-json\/wp\/v2\/posts"}],"about":[{"href":"https:\/\/www.e-anjelik.sk\/index.php\/wp-json\/wp\/v2\/types\/post"}],"author":[{"embeddable":true,"href":"https:\/\/www.e-anjelik.sk\/index.php\/wp-json\/wp\/v2\/users\/2"}],"replies":[{"embeddable":true,"href":"https:\/\/www.e-anjelik.sk\/index.php\/wp-json\/wp\/v2\/comments?post=28624"}],"version-history":[{"count":0,"href":"https:\/\/www.e-anjelik.sk\/index.php\/wp-json\/wp\/v2\/posts\/28624\/revisions"}],"wp:attachment":[{"href":"https:\/\/www.e-anjelik.sk\/index.php\/wp-json\/wp\/v2\/media?parent=28624"}],"wp:term":[{"taxonomy":"category","embeddable":true,"href":"https:\/\/www.e-anjelik.sk\/index.php\/wp-json\/wp\/v2\/categories?post=28624"},{"taxonomy":"post_tag","embeddable":true,"href":"https:\/\/www.e-anjelik.sk\/index.php\/wp-json\/wp\/v2\/tags?post=28624"}],"curies":[{"name":"wp","href":"https:\/\/api.w.org\/{rel}","templated":true}]}}