{"id":28632,"date":"2015-06-25T08:15:59","date_gmt":"2015-06-25T06:15:59","guid":{"rendered":"http:\/\/www.evanjelik.sk\/?p=28632"},"modified":"2015-06-25T08:15:59","modified_gmt":"2015-06-25T06:15:59","slug":"odisiel-biskup-eduard-lohse","status":"publish","type":"post","link":"https:\/\/www.e-anjelik.sk\/index.php\/2015\/06\/25\/odisiel-biskup-eduard-lohse\/","title":{"rendered":"Odi\u0161iel biskup Eduard Lohse"},"content":{"rendered":"<p>23. j\u00fana 2015 v Goettingene zomrel vo veku 91 rokov teologick\u00fd vedec a biskup Eduard Lohse. 17 rokov st\u00e1le na \u010dele najv\u00e4\u010d\u0161ej nemeckej krajinskej cirkvi Evanjelicko-luter\u00e1nskej krajinskej cirkvi Hannoverska. Od roku 1979 do roku 1985 bol predsedom Rady EKD. Cirkev riadil vo ve\u013emi b\u00farliv\u00fdch \u010dasoch. Na jednej strane to boli mierov\u00ed demon\u0161tranti proti at\u00f3mov\u00fdm elektr\u00e1r\u0148am, na strane druhej sa za\u010dali oz\u00fdva\u0165 konzervat\u00edvni evanjelici. \u00a0Na srdci mu le\u017ealo budovanie cirkevn\u00e9ho spolo\u010denstva a zachovanie jednoty cirkvi. Bol pr\u00edvr\u017eencom ekumenick\u00e9ho sna\u017eenia a teologick\u00fdm profesorom pre Nov\u00fa zmluvu. So svojou man\u017eelkou Roswithou \u017eil 63 rokov. Mal 3 deti a 6 vnukov.<\/p>\n<p><img loading=\"lazy\" decoding=\"async\" class=\"bigimage\" src=\"https:\/\/www.ekd.de\/bilder\/aktuell_presse\/150624_epd_norbert_neetz_eduard_lohse_560.jpg\" alt=\"Altbischof Eduard Lohse\" width=\"560\" height=\"315\" border=\"0\" \/>\u00a0 (www.ekd.de)<\/p>\n","protected":false},"excerpt":{"rendered":"<p>23. j\u00fana 2015 v Goettingene zomrel vo veku 91 rokov teologick\u00fd vedec a biskup Eduard Lohse. 17 rokov st\u00e1le na \u010dele najv\u00e4\u010d\u0161ej nemeckej krajinskej cirkvi Evanjelicko-luter\u00e1nskej krajinskej cirkvi Hannoverska. Od roku 1979 do roku 1985 bol predsedom Rady EKD. Cirkev riadil vo ve\u013emi b\u00farliv\u00fdch \u010dasoch. Na jednej strane to boli mierov\u00ed demon\u0161tranti proti at\u00f3mov\u00fdm elektr\u00e1r\u0148am, &#8230; <a title=\"Odi\u0161iel biskup Eduard Lohse\" class=\"read-more\" href=\"https:\/\/www.e-anjelik.sk\/index.php\/2015\/06\/25\/odisiel-biskup-eduard-lohse\/\" aria-label=\"Pre\u010d\u00edtajte si viac o Odi\u0161iel biskup Eduard Lohse\">\u010c\u00edta\u0165 viac<\/a><\/p>\n","protected":false},"author":2,"featured_media":0,"comment_status":"open","ping_status":"open","sticky":false,"template":"","format":"standard","meta":{"footnotes":""},"categories":[1],"tags":[],"class_list":["post-28632","post","type-post","status-publish","format-standard","hentry","category-adventna-modlitba"],"_links":{"self":[{"href":"https:\/\/www.e-anjelik.sk\/index.php\/wp-json\/wp\/v2\/posts\/28632","targetHints":{"allow":["GET"]}}],"collection":[{"href":"https:\/\/www.e-anjelik.sk\/index.php\/wp-json\/wp\/v2\/posts"}],"about":[{"href":"https:\/\/www.e-anjelik.sk\/index.php\/wp-json\/wp\/v2\/types\/post"}],"author":[{"embeddable":true,"href":"https:\/\/www.e-anjelik.sk\/index.php\/wp-json\/wp\/v2\/users\/2"}],"replies":[{"embeddable":true,"href":"https:\/\/www.e-anjelik.sk\/index.php\/wp-json\/wp\/v2\/comments?post=28632"}],"version-history":[{"count":0,"href":"https:\/\/www.e-anjelik.sk\/index.php\/wp-json\/wp\/v2\/posts\/28632\/revisions"}],"wp:attachment":[{"href":"https:\/\/www.e-anjelik.sk\/index.php\/wp-json\/wp\/v2\/media?parent=28632"}],"wp:term":[{"taxonomy":"category","embeddable":true,"href":"https:\/\/www.e-anjelik.sk\/index.php\/wp-json\/wp\/v2\/categories?post=28632"},{"taxonomy":"post_tag","embeddable":true,"href":"https:\/\/www.e-anjelik.sk\/index.php\/wp-json\/wp\/v2\/tags?post=28632"}],"curies":[{"name":"wp","href":"https:\/\/api.w.org\/{rel}","templated":true}]}}