{"id":28635,"date":"2015-06-25T09:19:22","date_gmt":"2015-06-25T07:19:22","guid":{"rendered":"http:\/\/www.evanjelik.sk\/?p=28635"},"modified":"2015-06-25T09:19:22","modified_gmt":"2015-06-25T07:19:22","slug":"dnes-585-rokov-od-augsburgskeho-vyznania","status":"publish","type":"post","link":"https:\/\/www.e-anjelik.sk\/index.php\/2015\/06\/25\/dnes-585-rokov-od-augsburgskeho-vyznania\/","title":{"rendered":"Dnes 585 rokov od Augsburgsk\u00e9ho vyznania"},"content":{"rendered":"<p>Augburgsk\u00e9 vyznanie, hlavn\u00fd vierou\u010dn\u00fd spis evanjelicko-luter\u00e1nskej a reforma\u010dnej teol\u00f3gie. nap\u00edsal ho zv\u00e4\u010d\u0161a Filip Melanchton. <\/p>\n<p>Vyzn\u00e1va ospravedlnenie hrie\u0161nikov jedine milos\u0165ou, jedine skrze vieru, jedine v\u010faka z\u00e1sluh\u00e1m P\u00e1na Je\u017ei\u0161a Krista. Bolo podp\u00edsan\u00e9 mnoh\u00fdmi ved\u00facimi osobnos\u0165ami nemeck\u00fdch miest a regi\u00f3nov. Vyznanie prezentovali Cis\u00e1rovi sv. r\u00edmskej r\u00ed\u0161e Karolovi 5-temu v Augsburgu, 25. J\u00fana 1530. O nieko\u013eko t\u00fd\u017ed\u0148ov toto vyznanie r\u00edmsko-katol\u00edcka vrchnos\u0165 odmietla. Na\u010do Melanchton reagoval nap\u00edsan\u00edm obra\u0148\u00e9ho spisu Obrany Augsburgsk\u00e9ho vyznania (1531).<br \/>\nV 1580 bolo nezmenen\u00e9 Augsburgsk\u00e9 vyznanie zaraden\u00e9do Knihy svornosti.<\/p>\n","protected":false},"excerpt":{"rendered":"<p>Augburgsk\u00e9 vyznanie, hlavn\u00fd vierou\u010dn\u00fd spis evanjelicko-luter\u00e1nskej a reforma\u010dnej teol\u00f3gie. nap\u00edsal ho zv\u00e4\u010d\u0161a Filip Melanchton. Vyzn\u00e1va ospravedlnenie hrie\u0161nikov jedine milos\u0165ou, jedine skrze vieru, jedine v\u010faka z\u00e1sluh\u00e1m P\u00e1na Je\u017ei\u0161a Krista. Bolo podp\u00edsan\u00e9 mnoh\u00fdmi ved\u00facimi osobnos\u0165ami nemeck\u00fdch miest a regi\u00f3nov. Vyznanie prezentovali Cis\u00e1rovi sv. r\u00edmskej r\u00ed\u0161e Karolovi 5-temu v Augsburgu, 25. J\u00fana 1530. O nieko\u013eko t\u00fd\u017ed\u0148ov toto vyznanie &#8230; <a title=\"Dnes 585 rokov od Augsburgsk\u00e9ho vyznania\" class=\"read-more\" href=\"https:\/\/www.e-anjelik.sk\/index.php\/2015\/06\/25\/dnes-585-rokov-od-augsburgskeho-vyznania\/\" aria-label=\"Pre\u010d\u00edtajte si viac o Dnes 585 rokov od Augsburgsk\u00e9ho vyznania\">\u010c\u00edta\u0165 viac<\/a><\/p>\n","protected":false},"author":5,"featured_media":0,"comment_status":"open","ping_status":"open","sticky":false,"template":"","format":"standard","meta":{"footnotes":""},"categories":[22,40],"tags":[],"class_list":["post-28635","post","type-post","status-publish","format-standard","hentry","category-evanjelicka-identita","category-historia"],"_links":{"self":[{"href":"https:\/\/www.e-anjelik.sk\/index.php\/wp-json\/wp\/v2\/posts\/28635","targetHints":{"allow":["GET"]}}],"collection":[{"href":"https:\/\/www.e-anjelik.sk\/index.php\/wp-json\/wp\/v2\/posts"}],"about":[{"href":"https:\/\/www.e-anjelik.sk\/index.php\/wp-json\/wp\/v2\/types\/post"}],"author":[{"embeddable":true,"href":"https:\/\/www.e-anjelik.sk\/index.php\/wp-json\/wp\/v2\/users\/5"}],"replies":[{"embeddable":true,"href":"https:\/\/www.e-anjelik.sk\/index.php\/wp-json\/wp\/v2\/comments?post=28635"}],"version-history":[{"count":0,"href":"https:\/\/www.e-anjelik.sk\/index.php\/wp-json\/wp\/v2\/posts\/28635\/revisions"}],"wp:attachment":[{"href":"https:\/\/www.e-anjelik.sk\/index.php\/wp-json\/wp\/v2\/media?parent=28635"}],"wp:term":[{"taxonomy":"category","embeddable":true,"href":"https:\/\/www.e-anjelik.sk\/index.php\/wp-json\/wp\/v2\/categories?post=28635"},{"taxonomy":"post_tag","embeddable":true,"href":"https:\/\/www.e-anjelik.sk\/index.php\/wp-json\/wp\/v2\/tags?post=28635"}],"curies":[{"name":"wp","href":"https:\/\/api.w.org\/{rel}","templated":true}]}}