{"id":28643,"date":"2015-06-26T04:30:45","date_gmt":"2015-06-26T02:30:45","guid":{"rendered":"http:\/\/www.evanjelik.sk\/?p=28643"},"modified":"2015-06-26T04:30:45","modified_gmt":"2015-06-26T02:30:45","slug":"paul-smith-novy-biskup-distriktu-queensland-australia","status":"publish","type":"post","link":"https:\/\/www.e-anjelik.sk\/index.php\/2015\/06\/26\/paul-smith-novy-biskup-distriktu-queensland-australia\/","title":{"rendered":"Paul Smith &#8211; nov\u00fd biskup di\u0161triktu Queensland, Austr\u00e1lia"},"content":{"rendered":"<p>30. m\u00e1ja 2015 synoda di\u0161triktu Queensland zvolila za svojho biskupa Paula Smitha. Poch\u00e1dza z nemeck\u00fdch rodi\u010dov. M\u00e1 53 rokov a po ordin\u00e1cii v\u00e4\u010d\u0161inou duchovne sl\u00fa\u017eil v luter\u00e1nskych \u0161kol\u00e1ch svojho domovsk\u00e9ho \u0161t\u00e1tu. Je \u017eenat\u00fd s Heidi, ktor\u00e1 je kapl\u00e1nkou na pln\u00fd \u00fav\u00e4zok v soci\u00e1lnom zariaden\u00ed Immanuel v meste Buderim. Spolu maj\u00fa tri dospel\u00e9 deti. Jeho in\u0161tal\u00e1cia bude o tri mesiace. Po svojej vo\u013ebe vyzval veriacich, aby sa za\u0148ho modlili a s\u00e1m prosil P\u00e1na slovami piesne ES 484 Za ruku ve\u010f ma, Pane, Ta s\u00e1m ma ve\u010f.<\/p>\n<p><img loading=\"lazy\" decoding=\"async\" src=\"https:\/\/lca.box.com\/shared\/static\/pncbrois4efurcik771efjpcvdnbutvs.jpg\" alt=\"\" width=\"288\" height=\"556\" border=\"0\" \/>\u00a0\u00a0\u00a0 (www.lca.org.au)<\/p>\n","protected":false},"excerpt":{"rendered":"<p>30. m\u00e1ja 2015 synoda di\u0161triktu Queensland zvolila za svojho biskupa Paula Smitha. Poch\u00e1dza z nemeck\u00fdch rodi\u010dov. M\u00e1 53 rokov a po ordin\u00e1cii v\u00e4\u010d\u0161inou duchovne sl\u00fa\u017eil v luter\u00e1nskych \u0161kol\u00e1ch svojho domovsk\u00e9ho \u0161t\u00e1tu. Je \u017eenat\u00fd s Heidi, ktor\u00e1 je kapl\u00e1nkou na pln\u00fd \u00fav\u00e4zok v soci\u00e1lnom zariaden\u00ed Immanuel v meste Buderim. Spolu maj\u00fa tri dospel\u00e9 deti. Jeho in\u0161tal\u00e1cia &#8230; <a title=\"Paul Smith &#8211; nov\u00fd biskup di\u0161triktu Queensland, Austr\u00e1lia\" class=\"read-more\" href=\"https:\/\/www.e-anjelik.sk\/index.php\/2015\/06\/26\/paul-smith-novy-biskup-distriktu-queensland-australia\/\" aria-label=\"Pre\u010d\u00edtajte si viac o Paul Smith &#8211; nov\u00fd biskup di\u0161triktu Queensland, Austr\u00e1lia\">\u010c\u00edta\u0165 viac<\/a><\/p>\n","protected":false},"author":2,"featured_media":0,"comment_status":"open","ping_status":"open","sticky":false,"template":"","format":"standard","meta":{"footnotes":""},"categories":[1],"tags":[],"class_list":["post-28643","post","type-post","status-publish","format-standard","hentry","category-adventna-modlitba"],"_links":{"self":[{"href":"https:\/\/www.e-anjelik.sk\/index.php\/wp-json\/wp\/v2\/posts\/28643","targetHints":{"allow":["GET"]}}],"collection":[{"href":"https:\/\/www.e-anjelik.sk\/index.php\/wp-json\/wp\/v2\/posts"}],"about":[{"href":"https:\/\/www.e-anjelik.sk\/index.php\/wp-json\/wp\/v2\/types\/post"}],"author":[{"embeddable":true,"href":"https:\/\/www.e-anjelik.sk\/index.php\/wp-json\/wp\/v2\/users\/2"}],"replies":[{"embeddable":true,"href":"https:\/\/www.e-anjelik.sk\/index.php\/wp-json\/wp\/v2\/comments?post=28643"}],"version-history":[{"count":0,"href":"https:\/\/www.e-anjelik.sk\/index.php\/wp-json\/wp\/v2\/posts\/28643\/revisions"}],"wp:attachment":[{"href":"https:\/\/www.e-anjelik.sk\/index.php\/wp-json\/wp\/v2\/media?parent=28643"}],"wp:term":[{"taxonomy":"category","embeddable":true,"href":"https:\/\/www.e-anjelik.sk\/index.php\/wp-json\/wp\/v2\/categories?post=28643"},{"taxonomy":"post_tag","embeddable":true,"href":"https:\/\/www.e-anjelik.sk\/index.php\/wp-json\/wp\/v2\/tags?post=28643"}],"curies":[{"name":"wp","href":"https:\/\/api.w.org\/{rel}","templated":true}]}}